{"id":15434,"date":"2014-08-25T07:00:55","date_gmt":"2014-08-25T11:00:43","guid":{"rendered":"https:\/\/cyclingcanada.ca\/?post_type=news&amp;p=15434"},"modified":"2014-08-25T07:00:55","modified_gmt":"2014-08-25T11:00:43","slug":"lequipe-nationale-du-canada-devoile-ses-coureurs-pour-les-grands-prix-cyclistes-de-quebec-et-de-montreal","status":"publish","type":"news","link":"https:\/\/cyclingcanada.ca\/fr\/news\/lequipe-nationale-du-canada-devoile-ses-coureurs-pour-les-grands-prix-cyclistes-de-quebec-et-de-montreal\/","title":{"rendered":"L\u2019\u00c9QUIPE NATIONALE DU CANADA D\u00c9VOILE SES COUREURS POUR LES GRANDS PRIX CYCLISTES DE QU\u00c9BEC ET DE MONTR\u00c9AL"},"content":{"rendered":"<p><em>Steve Bauer dirigera l\u2019\u00e9quipe nationale pour ces deux courses du WorldTou<\/em>r<\/p>\n<p>(Ottawa, ON \u2013 le 25 ao\u00fbt 2014) En septembre 2010, les plus grands cyclistes du monde se r\u00e9unissaient pour la premi\u00e8re fois en Am\u00e9rique sur un circuit du calendrier de l\u2019UCI WorldTour \u00e0 l\u2019occasion des Grands Prix Cyclistes de Qu\u00e9bec et de Montr\u00e9al (GPCQM). Cinq ans plus tard, l\u2019\u00e9lite cycliste mondiale est toujours au rendez-vous et les coureurs d\u2019ici rayonnent encore plus. Cyclisme Canada a d\u2019ailleurs s\u00e9lectionn\u00e9 une solide \u00e9quipe de cyclistes professionnels sur route pour la cinqui\u00e8me \u00e9dition des GPCQM, et c\u2019est l\u2019ic\u00f4ne du cyclisme canadien Steve Bauer qui la dirigera.<br \/> \u00a0<br \/> Bauer a \u00e9t\u00e9 le premier cycliste canadien \u00e0 remporter une m\u00e9daille olympique de cyclisme sur route. Il a \u00e9t\u00e9 champion canadien \u00e0 trois reprises et il a particip\u00e9 \u00e0 11 \u00e9ditions du Tour de France, portant le maillot jaune pendant 14 jours.<\/p>\n<p><em>\u00ab <\/em><em>Je suis impatient de revenir aux GPCQM pour diriger l&#8217;\u00e9quipe nationale canadienne<\/em>, a d\u00e9clar\u00e9 Steve Bauer. <em>Je suis excit\u00e9 de travailler avec des athl\u00e8tes qui ont d\u00e9j\u00e0 courus pour moi et de t\u00e9moigner de leur progression, ainsi que d&#8217;encadrer nos jeunes qui vivront leur premi\u00e8re exp\u00e9rience sur une course WorldTour. Ces classiques d\u2019automne sont de belles occasions pour eux de mesurer leurs talents contre les meilleurs du monde sur des parcours dignes de Championnats du monde.\u00a0<\/em><em>\u00bb<\/em><\/p>\n<p>L&#8217;\u00e9quipe comprend certains des meilleurs cyclistes du Canada en provenance des \u00e9quipes procontinentales et continentales, notamment <strong>Ryan Anderson<\/strong> (Vancouver, BC) de l&#8217;\u00e9quipe Optum p\/b Kelly Benefit Strat\u00e9gies et l&#8217;ancien champion canadien <strong>Ryan Roth<\/strong> (Cambridge, ON) de l&#8217;\u00e9quipe Silber Pro Cycling. Anderson et Roth ont port\u00e9 l\u2019uniforme canadien lors des GPCQM 2013.<br \/> \u00a0<br \/> <strong>Michael Woods<\/strong> (Ottawa, ON), de l&#8217;\u00e9quipe 5-Hr Energy, disputera sa premi\u00e8re course WorldTour. Ce sp\u00e9cialiste des mont\u00e9es a d\u2019ailleurs eu des r\u00e9sultats impressionnants au Tour de Beauce cette ann\u00e9e. <strong>Bruno Langlois<\/strong> (Qu\u00e9bec, QC), aussi de l\u2019\u00e9quipe 5-Hr Energy, roulera devant ses partisans \u00e0 Qu\u00e9bec. En 2012, Langlois avait remport\u00e9 la palme du meilleur grimpeur au Grand Prix Cycliste de Qu\u00e9bec portant les couleurs de l\u2019\u00e9quipe nationale.<br \/> \u00a0<br \/> Pr\u00e9par\u00e9 \u00e0 se produire devant ses partisans, le sprinter <strong>Pierrick Naud<\/strong> (Qu\u00e9bec, QC), de l&#8217;\u00e9quipe Garneau-Quebecor, cherchera lui aussi \u00e0 impressionner. Le Champion canadien du crit\u00e9rium 2013 a excell\u00e9 lors de l\u2019inaugural Grand Prix cycliste de Saguenay au printemps dernier. Le multiple m\u00e9daill\u00e9 des Jeux du Canada, <strong>Matteo Dal-Cin <\/strong>(Ottawa, ON) de l&#8217;\u00e9quipe Silber Pro Cycling, participera quant \u00e0 lui \u00e0 sa premi\u00e8re course WorldTour. Apr\u00e8s avoir pass\u00e9 une semaine au Tour de l&#8217;Alberta avec l&#8217;\u00e9quipe nationale canadienne, <strong>Garrett McLeod<\/strong> (Wolfville, NS) et le champion canadien U23 <strong>Benjamin Perry<\/strong> (St. Catharines, ON) participeront \u00e9galement \u00e0 leurs premiers GPCQM.<br \/><strong><\/strong><\/p>\n<p><strong>LES GPCQM 2014: LA 5<sup>e<\/sup> \u00c9DITTION<\/strong><br \/> Encore aujourd\u2019hui les GPCQM sont les deux seuls rendez-vous au calendrier de l\u2019UCI WorldTour sur le continent. La venue des GPCQM a certainement contribu\u00e9 \u00e0 la mondialisatrion de la discipline, en plus d\u2019\u00eatre une vitrine exceptionnelle pour les coureurs de chez nous.<\/p>\n<p>\u00ab <em>L\u2019organisation est tr\u00e8s fi\u00e8re d\u2019inviter l\u2019\u00e9quipe nationale \u00e0 ses \u00e9v\u00e9nements depuis 2010 et d\u2019avoir contribu\u00e9 \u00e0 l\u2019ascension de Canadiens au sein des ProTeams. Depuis ses d\u00e9buts, les GPCQM ont \u00e9galement su rapidement attirer l\u2019\u00e9lite mondiale pour qui la semaine des GPCQM est devenue un passage oblig\u00e9<\/em> \u00bb, soutient M. Marcel Leblanc, vice-pr\u00e9sident ex\u00e9cutif des GPCQM.<\/p>\n<p>L\u2019organisation annon\u00e7ait d\u2019ailleurs la semaine derni\u00e8re que <strong>Jean-Christophe P\u00e9raud<\/strong> (2<sup>e<\/sup> au Tour de France 2014, actuellement 5<sup>e<\/sup> de l\u2019UCI WorldTour) est inscrit sur le bulletin officiel d\u2019engagement du ProTeam AG2R LA MONDIALE pour ses \u00e9v\u00e9nements. L\u2019organisation d\u00e9voilera d\u2019autres t\u00eates d\u2019affiche dans les prochains jours.<br \/> \u00a0<br \/> <strong>LA S\u00c9LECTION DE L&#8217;\u00c9QUIPE NATIONALE DU CANADA <\/strong><br \/> Ryan ANDERSON (Vancouver, BC) [Optum p\/b Kelly Benefits Strategies]<br \/> Matteo DAL-CIN (Ottawa, ON) [Silber Pro Cycling]<br \/> Bruno LANGLOIS (Quebec, QC) [5-hr Energy]<br \/> Garrett MCCLEOD (Wolfville, NS) [Team H&amp;R Block]<br \/> Pierrick NAUD (Quebec, QC) [Garneau-Quebecor]<br \/> Benjamin PERRY (St. Catharines, ON) [Team NCCH p\/b DEC Express]<br \/> Ryan ROTH (Cambridge, ON) [Silber Pro Cycling]<br \/> Mike WOODS (Ottawa, ON) [5-hr Energy]<\/p>\n<p> <strong>\u00c0 PROPOS DE CYCLISME CANADA<\/strong><br \/> Cyclisme Canada est l&#8217;organisme r\u00e9gissant le cyclisme de comp\u00e9tition au Canada.\u00a0 Fond\u00e9e en 1882, Cyclisme Canada a pour objectif de mettre en place et de soutenir un syst\u00e8me efficace qui forme des cyclistes canadiens de talent capables de d\u00e9crocher des m\u00e9dailles aux Jeux olympiques, aux Jeux paralympiques et aux Championnats du monde. Avec la vision de devenir d\u2019ici 2020 un des pays les plus performants en cyclisme, jouissant de performances internationales am\u00e9lior\u00e9es, profitant d&#8217;une participation nationale accrue et organisant des \u00e9v\u00e9nements de niveau mondial, Cyclisme Canada g\u00e8re les \u00e9quipes canadiennes, accueille des \u00e9v\u00e9nements nationaux et internationaux, et administre les programmes communautaires visant \u00e0 promouvoir le cyclisme au Canada. Pour plus d&#8217;informations, consultez s&#8217;il vous pla\u00eet <a href=\"http:\/\/suivi.lnk01.com\/c\/443\/99ae3c9a8b6dd7b8b205c421348c0d4272a1621df02e164afa544aa014c295be\" target=\"_blank\" rel=\"noopener noreferrer\">cyclingcanada.ca<\/a><br \/> \u00a0<br \/> <strong>\u00c0 PROPOS DES GRANDS PRIX CYCLISTES DE QU\u00c9BEC ET DE MONTR\u00c9AL<\/strong><br \/> Les GPCQM, les deux seules \u00e9preuves de l&#8217;UCI WorldTour pr\u00e9sent\u00e9es en Am\u00e9rique, contribuent\u00a0 dans une mesure importante \u00e0 la r\u00e9alisation de l\u2019un des objectifs prioritaires de l&#8217;Union Cycliste Internationale (UCI): la mondialisation du circuit WorldTour. Ces\u00a0 \u00e9preuves rejoignent celles d\u00e9j\u00e0 labellis\u00e9es en Europe, en Oc\u00e9anie et en Asie. Depuis 2010, l\u2019organisation est responsable de la planification et de la tenue des GPCQM qui se tiendront les 12 et 14 septembre. Soulignons l\u2019appui indispensable des partenaires publics et priv\u00e9s suivants pour la tenue des GPCQM: le Gouvernement du Canada, le Gouvernement du Qu\u00e9bec, la Ville de Qu\u00e9bec, la Ville de Montr\u00e9al, la Commission des champs de bataille nationaux, l\u2019Office du tourisme de Qu\u00e9bec, Tourisme Montr\u00e9al, Qu\u00e9becor, Air Transat, Via Rail et Qu\u00e9bec Original.<\/p>\n","protected":false},"featured_media":34928,"template":"","meta":{"_acf_changed":false,"advanced_seo_description":"","jetpack_seo_html_title":"","jetpack_seo_noindex":false},"sport":[68],"class_list":["post-15434","news","type-news","status-publish","has-post-thumbnail","hentry","sport-route"],"acf":[],"jetpack_sharing_enabled":true,"_links":{"self":[{"href":"https:\/\/cyclingcanada.ca\/fr\/wp-json\/wp\/v2\/news\/15434","targetHints":{"allow":["GET"]}}],"collection":[{"href":"https:\/\/cyclingcanada.ca\/fr\/wp-json\/wp\/v2\/news"}],"about":[{"href":"https:\/\/cyclingcanada.ca\/fr\/wp-json\/wp\/v2\/types\/news"}],"wp:featuredmedia":[{"embeddable":true,"href":"https:\/\/cyclingcanada.ca\/fr\/wp-json\/wp\/v2\/media\/34928"}],"wp:attachment":[{"href":"https:\/\/cyclingcanada.ca\/fr\/wp-json\/wp\/v2\/media?parent=15434"}],"wp:term":[{"taxonomy":"sport","embeddable":true,"href":"https:\/\/cyclingcanada.ca\/fr\/wp-json\/wp\/v2\/sport?post=15434"}],"curies":[{"name":"wp","href":"https:\/\/api.w.org\/{rel}","templated":true}]}}