{"id":15908,"date":"2014-09-25T13:35:42","date_gmt":"2014-09-26T15:16:42","guid":{"rendered":"https:\/\/cyclingcanada.ca\/?post_type=news&amp;p=15908"},"modified":"2014-09-25T13:35:42","modified_gmt":"2014-09-26T15:16:42","slug":"la-saison-de-coupe-du-monde-bmx-se-termine-cette-semaine-en-californie","status":"publish","type":"news","link":"https:\/\/cyclingcanada.ca\/fr\/news\/la-saison-de-coupe-du-monde-bmx-se-termine-cette-semaine-en-californie\/","title":{"rendered":"LA SAISON DE COUPE DU MONDE BMX SE TERMINE CETTE SEMAINE EN CALIFORNIE"},"content":{"rendered":"<p><em>L\u2019\u00e9quipe canadienne poursuit ses objectifs de qualification olympique<\/em><\/p>\n<p>(Ottawa, ON \u2013 Le 25 septembre 2014) Un grand groupe de 11 bmxers seront en comp\u00e9tition ce week-end lors de la derni\u00e8re Coupe du monde Supercross BMX de la saison 2014 \u00e0 Chula Vista, en Californie.<\/p>\n<p>L&#8217;\u00e9quipe a comme t\u00eate d\u2019affiche <strong>Tory Nyhaug<\/strong>, m\u00e9daill\u00e9 d&#8217;argent aux Championnat du monde de BMX et multiple m\u00e9daill\u00e9e de Coupe du monde Supercross BMX UCI cette saison. Nyhaug cherche \u00e0 terminer la saison avec une solide performance. <strong>Jim Brown<\/strong> cherche \u00e9galement \u00e0 poursuivre son excellente saison. Brown a affich\u00e9 sa meilleure performance en carri\u00e8re lors de la derni\u00e8re Coupe du monde en Argentine, en prenant la quinzi\u00e8me place, sa toute premi\u00e8re qualification en demi-finale.<\/p>\n<p><strong>Amelia Walsh<\/strong> et <strong>Eliane McAdam<\/strong> courront dans la cat\u00e9gorie \u00c9lite chez les Femmes. Walsh, la championne canadienne en titre de BMX, tentera de b\u00e2tir sur son meilleur r\u00e9sultat en carri\u00e8re, soit une 20e position, survenue cette saison \u00e0 Berlin. McAdam quant \u00e0 elle esp\u00e8re poursuivre sa s\u00e9rie de bons r\u00e9sultats sur le sol nord-am\u00e9ricain au niveau de la Coupe du monde, avec ses meilleures performances en carri\u00e8re r\u00e9ussis \u00e0 Chula Vista (20e) et Abbotsford (12e).<\/p>\n<p>L\u2019action commence vendredi soir avec les motos de qualification et SuperFinales du contre-la-montre. Les motos et les finales de Supercross BMX auront lieu le samedi.<\/p>\n<p>Les fans de BMX peuvent regarder l&#8217;\u00e9v\u00e9nement en direct sur \u200b\u200b<a href=\"http:\/\/www.bmxlive.tv\/\">http:\/\/www.bmxlive.tv\/<\/a>.<\/p>\n<p><span style=\"text-decoration: underline;\">Elite Femmes<\/span><\/p>\n<ul>\n<li>Eliane McADAM (Calgary, AB)<\/li>\n<li>Amelia WALSH (Ayr, ON)<\/li>\n<\/ul>\n<p><span style=\"text-decoration: underline;\">Junior Femmes<\/span><\/p>\n<ul>\n<li>Drew MECHIELSEN (Langley, BC)<\/li>\n<li>Daina TUCHSCHERER (Airdrie, AB)<\/li>\n<\/ul>\n<p><span style=\"text-decoration: underline;\">Elite Hommes<\/span>\u00a0<\/p>\n<ul>\n<li>Jim BROWN (Airdrie, AB\/Surrey, BC)<\/li>\n<li>Tory NYHAUG (Coquitlam, BC)<\/li>\n<li>James PALMER (North Vancouver, BC)<\/li>\n<li>Mischa PARTRIDGE (Duncan, BC)<\/li>\n<li>Brandon REID (Victoria, BC)<\/li>\n<li>Corey WALSH (Ayr, ON)<\/li>\n<\/ul>\n<p><span style=\"text-decoration: underline;\">Junior Hommes<\/span><\/p>\n<ul>\n<li>Hayden MECHIELSEN (Langley, BC)<\/li>\n<\/ul>\n","protected":false},"featured_media":34953,"template":"","meta":{"_acf_changed":false,"advanced_seo_description":"","jetpack_seo_html_title":"","jetpack_seo_noindex":false},"sport":[82],"class_list":["post-15908","news","type-news","status-publish","has-post-thumbnail","hentry","sport-bmx-fr"],"acf":[],"jetpack_sharing_enabled":true,"_links":{"self":[{"href":"https:\/\/cyclingcanada.ca\/fr\/wp-json\/wp\/v2\/news\/15908","targetHints":{"allow":["GET"]}}],"collection":[{"href":"https:\/\/cyclingcanada.ca\/fr\/wp-json\/wp\/v2\/news"}],"about":[{"href":"https:\/\/cyclingcanada.ca\/fr\/wp-json\/wp\/v2\/types\/news"}],"wp:featuredmedia":[{"embeddable":true,"href":"https:\/\/cyclingcanada.ca\/fr\/wp-json\/wp\/v2\/media\/34953"}],"wp:attachment":[{"href":"https:\/\/cyclingcanada.ca\/fr\/wp-json\/wp\/v2\/media?parent=15908"}],"wp:term":[{"taxonomy":"sport","embeddable":true,"href":"https:\/\/cyclingcanada.ca\/fr\/wp-json\/wp\/v2\/sport?post=15908"}],"curies":[{"name":"wp","href":"https:\/\/api.w.org\/{rel}","templated":true}]}}