{"id":19069,"date":"2015-04-15T17:12:33","date_gmt":"2015-04-15T21:14:25","guid":{"rendered":"https:\/\/cyclingcanada.ca\/?post_type=news&amp;p=19069"},"modified":"2015-04-15T17:12:33","modified_gmt":"2015-04-15T21:14:25","slug":"lequipe-canadienne-de-bmx-est-prete-a-faire-sensation-lors-de-la-saison-2015","status":"publish","type":"news","link":"https:\/\/cyclingcanada.ca\/fr\/news\/lequipe-canadienne-de-bmx-est-prete-a-faire-sensation-lors-de-la-saison-2015\/","title":{"rendered":"L&#8217;\u00c9QUIPE CANADIENNE DE BMX EST PR\u00caTE \u00c0 FAIRE SENSATION LORS DE LA SAISON 2015!"},"content":{"rendered":"<p><em>Les sp\u00e9cialistes de BMX affronteront les meilleurs au monde lors de la premi\u00e8re course de Supercross de la Coupe du monde de 2015<\/em><\/p>\n<p>(Ottawa, ON \u2013 le 15 avril 2015) Les coureurs canadiens de BMX ont pass\u00e9 l&#8217;hiver \u00e0 peaufiner leur technique gr\u00e2ce \u00e0 des stages d&#8217;entra\u00eenement rigoureux. Ils sont maintenant pr\u00eats \u00e0 participer \u00e0 la premi\u00e8re \u00e9preuve de la Coupe du monde de 2015 qui aura lieu \u00e0 Manchester, en Grande-Bretagne.<\/p>\n<p>Six athl\u00e8tes canadiens ont fait le d\u00e9placement outremer et sont arriv\u00e9s \u00e0 Manchester pour repr\u00e9senter leur pays.<\/p>\n<p>Jim Brown (Airdrie, AB), James Palmer (North Vancouver, CB), et Brandon Reid (Victoria, CB) vont tous courir dans la cat\u00e9gorie \u00c9lite masculine. Ils pr\u00e9sentent les meilleures chances du Canada de rapporter d&#8217;importants points de qualification olympique.<\/p>\n<p>Daina Tuchscherer (Airdrie, AB) et Drew Mechielsen (Langley, CB) repr\u00e9senteront le Canada dans les courses de la cat\u00e9gorie junior f\u00e9minine.<\/p>\n<p>Notons aussi qu&#8217;Alex Tougas (Pitt Meadows, CB) fera ses d\u00e9buts dans la cat\u00e9gorie junior masculine. Il participera \u00e0 sa premi\u00e8re course de Coupe du monde de Supercross de l&#8217;UCI. Tougas a remport\u00e9 deux fois le titre de champion du monde de BMX dans la cat\u00e9gorie Challenge (moins de 15 ans et moins de 16 ans), dominant ses cat\u00e9gories d&#8217;\u00e2ge.<\/p>\n<p>Apr\u00e8s une s\u00e9ance d&#8217;entra\u00eenement vendredi, les courses de Supercross commencent samedi par les vagues de qualification et les contre-la-montre, les rondes d&#8217;\u00e9limination finales \u00e9tant pr\u00e9sent\u00e9es dimanche.<\/p>\n<p>Tory Nyhaug (Coquitlam, CB), m\u00e9daill\u00e9 d&#8217;argent aux Championnats du monde de 2014, ne participera pas \u00e0 l&#8217;\u00e9preuve de Manchester car il rel\u00e8ve de blessure. M\u00eame si on ne conna\u00eet pas encore la date de son retour \u00e0 la comp\u00e9tition, sa r\u00e9cup\u00e9ration suit son cours, et on s&#8217;attend \u00e0 ce qu&#8217;il revienne sur la sc\u00e8ne internationale aux Championnats du monde de 2015.<\/p>\n<p>Les \u00e9preuves de la Coupe du monde de Supercross de BMX de l&#8217;UCI sont les principales \u00e9preuves de qualification pour les Jeux olympiques de 2016, qui auront lieu \u00e0 Rio de Janeiro, au Br\u00e9sil, si bien que l&#8217;ann\u00e9e 2015 est une ann\u00e9e tr\u00e8s importante pour le BMX.<\/p>\n<p>Le Tour de Supercross de BMX de l&#8217;UCI de 2015 se rendra dans cinq pays au cours de la saison, et pr\u00e9sentera des \u00e9preuves \u00e0 Manchester (GBR), Papendal (NED), Engelholm (SUE), Santiago Del Estero (ARG) et Rock Hill (USA). Les Championnats du monde de BMX de l&#8217;UCI de 2015 se d\u00e9rouleront du 21 au 25 juillet \u00e0 Heusden-Zolder, en Belgique.<\/p>\n<p>Depuis 2012, BMXLive.tv a diffus\u00e9 en direct sur Internet la Coupe du monde de Supercross de BMX de l&#8217;UCI. Gr\u00e2ce \u00e0 son nouveau look, BMXLive.tv sera sans aucun doute pour les fans l&#8217;endroit id\u00e9al pour se brancher et partager leur passion du BMX.<\/p>\n<p><strong>\u00c9QUIPE CANADA \u2013 COUPE DU MONDE DE SUPERCROSS DE BMX DE 2015 \u2013 MANCHESTER (GBR)<\/strong><\/p>\n<ul>\n<li>Jim BROWN [Hommes \u00e9lite] (Airdrie, AB)<\/li>\n<li>Drew MECHIELSEN [Femmes junior] (Langley, CB)<\/li>\n<li>James PALMER [Hommes \u00e9lite] (North Vancouver, CB)<\/li>\n<li>Brandon REID [Hommes \u00e9lite] (Victoria, CB)<\/li>\n<li>Alex TOUGAS [Hommes junior] (Pitt Meadows, CB)<\/li>\n<li>Daina TUCHSCHERER [Femmes junior] (Airdrie, AB)<\/li>\n<\/ul>\n","protected":false},"featured_media":34997,"template":"","meta":{"_acf_changed":false,"advanced_seo_description":"","jetpack_seo_html_title":"","jetpack_seo_noindex":false},"sport":[82],"class_list":["post-19069","news","type-news","status-publish","has-post-thumbnail","hentry","sport-bmx-fr"],"acf":[],"jetpack_sharing_enabled":true,"_links":{"self":[{"href":"https:\/\/cyclingcanada.ca\/fr\/wp-json\/wp\/v2\/news\/19069","targetHints":{"allow":["GET"]}}],"collection":[{"href":"https:\/\/cyclingcanada.ca\/fr\/wp-json\/wp\/v2\/news"}],"about":[{"href":"https:\/\/cyclingcanada.ca\/fr\/wp-json\/wp\/v2\/types\/news"}],"wp:featuredmedia":[{"embeddable":true,"href":"https:\/\/cyclingcanada.ca\/fr\/wp-json\/wp\/v2\/media\/34997"}],"wp:attachment":[{"href":"https:\/\/cyclingcanada.ca\/fr\/wp-json\/wp\/v2\/media?parent=19069"}],"wp:term":[{"taxonomy":"sport","embeddable":true,"href":"https:\/\/cyclingcanada.ca\/fr\/wp-json\/wp\/v2\/sport?post=19069"}],"curies":[{"name":"wp","href":"https:\/\/api.w.org\/{rel}","templated":true}]}}