{"id":20160,"date":"2015-07-08T16:33:30","date_gmt":"2015-07-08T20:34:25","guid":{"rendered":"https:\/\/cyclingcanada.ca\/?post_type=news&amp;p=20160"},"modified":"2015-07-08T16:33:30","modified_gmt":"2015-07-08T20:34:25","slug":"cyclisme-canada-et-louis-garneau-presentent-luniforme-dequipe-pour-les-jeux-panamericains-2015","status":"publish","type":"news","link":"https:\/\/cyclingcanada.ca\/fr\/news\/cyclisme-canada-et-louis-garneau-presentent-luniforme-dequipe-pour-les-jeux-panamericains-2015\/","title":{"rendered":"CYCLISME CANADA ET LOUIS GARNEAU PR\u00c9SENTENT L\u2019UNIFORME D\u2019\u00c9QUIPE POUR LES JEUX PANAM\u00c9RICAINS 2015"},"content":{"rendered":"<p><em>L\u2019entreprise canadienne Louis Garneau et Cyclisme Canada d\u00e9voilent un design \u00e9poustouflant pour l\u2019\u00e9quipe nationale<\/em>\u00a0<\/p>\n<p>(Ottawa, ON \u2013 Le mercredi 8 juillet 2015) Cyclisme Canada et Louis Garneau Sports sont fiers de d\u00e9voiler le design approuv\u00e9 pour l\u2019uniforme d\u2019\u00c9quipe Canada qui sera port\u00e9 par les cyclistes canadiens participant aux Jeux panam\u00e9ricains et parapanam\u00e9ricains de 2015 \u00e0 Toronto, d\u00e8s vendredi.<\/p>\n<p>Au cours des 32 derni\u00e8res ann\u00e9es, les v\u00eatements Louis Garneau ont jou\u00e9 un r\u00f4le essentiel dans la performance, le succ\u00e8s et l\u2019apparence professionnelle des \u00e9quipes cyclistes canadiennes lors de neuf Jeux olympiques et d\u2019innombrables Championnats du monde, Jeux du Commonwealth et Jeux panam\u00e9ricains. En 2013, Louis Garneau et Cyclisme Canada ont annonc\u00e9 une entente de quatre ans qui permettrait au fabricant de v\u00eatements cyclistes canadien d\u2019\u00e9quiper les athl\u00e8tes jusqu\u2019\u00e0 la saison 2016.<\/p>\n<p>L\u2019uniforme, qui a \u00e9t\u00e9 pour la premi\u00e8re fois soumis au vote du public par le biais des m\u00e9dias sociaux, sera blanc avec la feuille d\u2019\u00e9rable rouge comme \u00e9l\u00e9ment central. Autour de la feuille d\u2019\u00e9rable, on aper\u00e7oit le bleu caract\u00e9ristique de Cyclisme Canada. Le short sera noir et pr\u00e9sentera le mot-symbole Canada de chaque c\u00f4t\u00e9.<\/p>\n<p>\u00ab L\u2019uniforme d\u2019\u00c9quipe Canada a toujours eu pour moi une signification toute particuli\u00e8re. Il repr\u00e9sente bien s\u00fbr ma propre carri\u00e8re cycliste, mais aussi le d\u00e9but de ma carri\u00e8re professionnelle. Je suis fier de soutenir les meilleurs athl\u00e8tes canadiens alors qu\u2019ils se pr\u00e9parent pour les Jeux panam\u00e9ricains 2015. Cette ann\u00e9e, en tant que nation h\u00f4te des Jeux, tous les yeux seront riv\u00e9s sur le Canada, et j\u2019aimerais personnellement souhaiter la meilleure des chances \u00e0 tous nos cyclistes canadiens \u00bb, remarque Louis Garneau, pr\u00e9sident et fondateur de Louis Garneau Sports.<\/p>\n<p>\u00ab Cyclisme Canada et Louis Garneau ont tous deux pris un engagement d\u2019excellence envers nos athl\u00e8tes cyclistes, afin de leur fournir les meilleurs outils dont ils ont besoin pour performer au niveau international. Au cours de notre partenariat avec LG pour concevoir des v\u00eatements de comp\u00e9tition de pointe, nos athl\u00e8tes continueront de performer sur la sc\u00e8ne internationale avec les meilleurs v\u00eatements sur le march\u00e9 \u00bb, a d\u00e9clar\u00e9 Jacques Landry, directeur de la haute performance \u2013 Cyclisme Canada.<\/p>\n<p>Reconnue pour ses v\u00eatements haute-performance utilis\u00e9s par certains des meilleurs cyclistes et athl\u00e8tes du monde, Louis Garneau Sports fournit aux \u00e9quipes des v\u00eatements \u00e0 la fine pointe de la technologie pour des performances optimales.<\/p>\n<p>Louis Garneau habille les \u00e9quipes cyclistes canadiennes depuis les Jeux olympiques de Los Angeles en 1984, auxquels Louis lui-m\u00eame a particip\u00e9. Louis Garneau Sports a depuis \u00e9t\u00e9 le partenaire de v\u00eatements cyclistes officiel de Cyclisme Canada.<\/p>\n<p>En plus d\u2019habiller Cyclisme Canada, Louis Garneau habille notamment l\u2019\u00e9quipe UCI Pro Continental Team Europcar, l\u2019\u00e9quipe UCI Continental Garneau-Qu\u00e9becor, et l\u2019\u00e9quipe canadienne de v\u00e9lo de montagne SCOTT-3Rox Racing.<\/p>\n<p>Depuis le d\u00e9but de ce partenariat, en 1984, les athl\u00e8tes de Cyclisme Canada ont remport\u00e9 11 m\u00e9dailles olympiques et ont amass\u00e9 69 m\u00e9dailles de Championnats du monde UCI.<\/p>\n","protected":false},"featured_media":35030,"template":"","meta":{"_acf_changed":false,"advanced_seo_description":"","jetpack_seo_html_title":"","jetpack_seo_noindex":false},"sport":[82],"class_list":["post-20160","news","type-news","status-publish","has-post-thumbnail","hentry","sport-bmx-fr"],"acf":[],"jetpack_sharing_enabled":true,"_links":{"self":[{"href":"https:\/\/cyclingcanada.ca\/fr\/wp-json\/wp\/v2\/news\/20160","targetHints":{"allow":["GET"]}}],"collection":[{"href":"https:\/\/cyclingcanada.ca\/fr\/wp-json\/wp\/v2\/news"}],"about":[{"href":"https:\/\/cyclingcanada.ca\/fr\/wp-json\/wp\/v2\/types\/news"}],"wp:featuredmedia":[{"embeddable":true,"href":"https:\/\/cyclingcanada.ca\/fr\/wp-json\/wp\/v2\/media\/35030"}],"wp:attachment":[{"href":"https:\/\/cyclingcanada.ca\/fr\/wp-json\/wp\/v2\/media?parent=20160"}],"wp:term":[{"taxonomy":"sport","embeddable":true,"href":"https:\/\/cyclingcanada.ca\/fr\/wp-json\/wp\/v2\/sport?post=20160"}],"curies":[{"name":"wp","href":"https:\/\/api.w.org\/{rel}","templated":true}]}}