{"id":21006,"date":"2015-09-18T09:22:54","date_gmt":"2015-09-18T13:36:28","guid":{"rendered":"https:\/\/cyclingcanada.ca\/?post_type=news&amp;p=21006"},"modified":"2015-09-18T09:22:54","modified_gmt":"2015-09-18T13:36:28","slug":"votez-pour-levenement-de-lannee-2","status":"publish","type":"news","link":"https:\/\/cyclingcanada.ca\/fr\/news\/votez-pour-levenement-de-lannee-2\/","title":{"rendered":"Votez pour l\u2019\u00c9v\u00e9nement de l\u2019ann\u00e9e!"},"content":{"rendered":"<p>Apr\u00e8s une saison tr\u00e8s excitante, Cyclisme Canada invite tous les amateurs de cyclisme \u00e0 voter en ligne au cours des prochaines semaines pour d\u00e9terminer les \u00c9v\u00e9nements de l\u2019ann\u00e9e 2015. Le vote des fans comptera pour 50% de l\u2019\u00e9valuation afin de d\u00e9terminer l\u2019\u00e9v\u00e9nement de l&#8217;ann\u00e9e sur route, piste, v\u00e9lo de montagne, BMX, Paracyclisme et cyclo-cross.\u00a0<\/p>\n<p>L&#8217;\u00e9v\u00e9nement de l&#8217;ann\u00e9e en 2015 sera d\u00e9termin\u00e9 par une proportion \u00e9gale du vote du public (ce sondage) et l&#8217;\u00e9valuation des crit\u00e8res suivants par les employ\u00e9s de Cyclisme Canada et les comit\u00e9s concern\u00e9s.<\/p>\n<ul>\n<li>communication avec les intervenants<\/li>\n<li>promotion de l&#8217;\u00e9v\u00e9nement<\/li>\n<li>pr\u00e9sentation et ex\u00e9cution de l&#8217;\u00e9v\u00e9nement<\/li>\n<li>organisation et planification<\/li>\n<\/ul>\n<p>Cyclisme Canada aimerait profiter de cette occasion pour remercier tous les organisateurs avec qui nous avons collabor\u00e9 cette saison. Les grands \u00e9v\u00e9nements contribuent \u00e0 notre succ\u00e8s international!<\/p>\n<p>Le sondage sera en ligne jusqu\u2019au <strong>dimanche 4 octobre<\/strong>. Cyclisme Canada annoncera les laur\u00e9ats lors de son Assembl\u00e9e G\u00e9n\u00e9rale Annuelle.<\/p>\n<p><strong><a href=\"https:\/\/www.surveymonkey.com\/r\/5VZMMLK\">CLIQUEZ ICI<\/a><\/strong> , ou consultez le lien ci-dessous pour acc\u00e9der le sondage pour l\u2019\u00c9v\u00e9nement de l\u2019ann\u00e9e .<\/p>\n<p><a href=\"https:\/\/www.surveymonkey.com\/r\/5VZMMLK\">https:\/\/www.surveymonkey.com\/r\/5VZMMLK<\/a><\/p>\n","protected":false},"featured_media":21018,"template":"","meta":{"_acf_changed":false,"advanced_seo_description":"","jetpack_seo_html_title":"","jetpack_seo_noindex":false},"sport":[82],"class_list":["post-21006","news","type-news","status-publish","has-post-thumbnail","hentry","sport-bmx-fr"],"acf":[],"jetpack_sharing_enabled":true,"_links":{"self":[{"href":"https:\/\/cyclingcanada.ca\/fr\/wp-json\/wp\/v2\/news\/21006","targetHints":{"allow":["GET"]}}],"collection":[{"href":"https:\/\/cyclingcanada.ca\/fr\/wp-json\/wp\/v2\/news"}],"about":[{"href":"https:\/\/cyclingcanada.ca\/fr\/wp-json\/wp\/v2\/types\/news"}],"wp:featuredmedia":[{"embeddable":true,"href":"https:\/\/cyclingcanada.ca\/fr\/wp-json\/"}],"wp:attachment":[{"href":"https:\/\/cyclingcanada.ca\/fr\/wp-json\/wp\/v2\/media?parent=21006"}],"wp:term":[{"taxonomy":"sport","embeddable":true,"href":"https:\/\/cyclingcanada.ca\/fr\/wp-json\/wp\/v2\/sport?post=21006"}],"curies":[{"name":"wp","href":"https:\/\/api.w.org\/{rel}","templated":true}]}}