{"id":21083,"date":"2015-09-23T14:31:40","date_gmt":"2015-09-23T18:33:15","guid":{"rendered":"https:\/\/cyclingcanada.ca\/?post_type=news&amp;p=21083"},"modified":"2015-09-23T14:31:40","modified_gmt":"2015-09-23T18:33:15","slug":"les-pilotes-de-bmx-canadiens-participent-a-lultime-etape-de-la-coupe-du-monde","status":"publish","type":"news","link":"https:\/\/cyclingcanada.ca\/fr\/news\/les-pilotes-de-bmx-canadiens-participent-a-lultime-etape-de-la-coupe-du-monde\/","title":{"rendered":"LES PILOTES DE BMX CANADIENS PARTICIPENT \u00c0 L\u2019ULTIME \u00c9TAPE DE LA COUPE DU MONDE"},"content":{"rendered":"<p><em>Rock Hill, en Caroline du Sud, accueille les meilleurs pilotes de BMX<\/em><\/p>\n<p>(Ottawa, ON \u2013 le 23 septembre 2015) Neuf pilotes canadiens sont \u00e0 Rock Hill cette semaine pour participer \u00e0 l\u2019ultime \u00e9tape de la Coupe du Monde BMX Supercross de 2015.<\/p>\n<p>Les Canadiens auront une chance de plus cette ann\u00e9e pour se qualifier au bassin de s\u00e9lection olympique, et de cumuler de pr\u00e9cieux points pour le Canada dans le processus de qualification pour les Jeux olympiques de 2016 \u00e0 Rio.<\/p>\n<p>La comp\u00e9tition au Novant Health Supercross BMX Track \u00e0 Rock Hill, en Caroline du Sud, commence le vendredi avec la pr\u00e9sentation du contre-la-montre, suivi le samedi avec les motos Supercross BMX et les finales.<\/p>\n<p>Les images GoPro de la piste impressionnante \u00e0 Rock Hill peuvent \u00eatre visionn\u00e9es ici\u00a0: <a href=\"https:\/\/www.youtube.com\/watch?v=kGmn4GF5Xpw&amp;feature=youtu.be\"><span style=\"color: #0000ff;\">https:\/\/www.youtube.com\/watch?v=kGmn4GF5Xpw&amp;feature=youtu.be<\/span><\/a><\/p>\n<p>Rock Hill sera l&#8217;h\u00f4te des Championnats du Monde BMX 2017 de l\u2019Union cycliste international.<\/p>\n<p><strong>\u00c9QUIPE CANADA \u2013 FINALES DE LA COUPE DU MONDE BMX SUPERCROSS<\/strong><\/p>\n<ul>\n<li>Jim BROWN (Elite Hommes)<\/li>\n<li>Kiran KAWA (Junior Hommes)<\/li>\n<li>Gaby MALENFANT (Junior Hommes)<\/li>\n<li>Drew MECHIELSEN (Junior Femmes)<\/li>\n<li>Tory NYHAUG (Elite Hommes)<\/li>\n<li>James PALMER (Elite Hommes)<\/li>\n<li>Alex TOUGAS (Junior Hommes)<\/li>\n<li>Daina TUCHSCHERER (Junior Femmes)<\/li>\n<li>Chris WHITE (Junior Hommes)<\/li>\n<\/ul>\n","protected":false},"featured_media":35070,"template":"","meta":{"_acf_changed":false,"advanced_seo_description":"","jetpack_seo_html_title":"","jetpack_seo_noindex":false},"sport":[82],"class_list":["post-21083","news","type-news","status-publish","has-post-thumbnail","hentry","sport-bmx-fr"],"acf":[],"jetpack_sharing_enabled":true,"_links":{"self":[{"href":"https:\/\/cyclingcanada.ca\/fr\/wp-json\/wp\/v2\/news\/21083","targetHints":{"allow":["GET"]}}],"collection":[{"href":"https:\/\/cyclingcanada.ca\/fr\/wp-json\/wp\/v2\/news"}],"about":[{"href":"https:\/\/cyclingcanada.ca\/fr\/wp-json\/wp\/v2\/types\/news"}],"wp:featuredmedia":[{"embeddable":true,"href":"https:\/\/cyclingcanada.ca\/fr\/wp-json\/wp\/v2\/media\/35070"}],"wp:attachment":[{"href":"https:\/\/cyclingcanada.ca\/fr\/wp-json\/wp\/v2\/media?parent=21083"}],"wp:term":[{"taxonomy":"sport","embeddable":true,"href":"https:\/\/cyclingcanada.ca\/fr\/wp-json\/wp\/v2\/sport?post=21083"}],"curies":[{"name":"wp","href":"https:\/\/api.w.org\/{rel}","templated":true}]}}