{"id":24759,"date":"2016-05-16T17:51:55","date_gmt":"2016-05-16T21:57:27","guid":{"rendered":"https:\/\/cyclingcanada.ca\/?post_type=news&amp;p=24759"},"modified":"2016-05-16T17:51:55","modified_gmt":"2016-05-16T21:57:27","slug":"nyhaug-en-tete-daffiche-de-lequipe-canadienne-des-mondiaux-de-bmx-2016","status":"publish","type":"news","link":"https:\/\/cyclingcanada.ca\/fr\/news\/nyhaug-en-tete-daffiche-de-lequipe-canadienne-des-mondiaux-de-bmx-2016\/","title":{"rendered":"NYHAUG EN T\u00caTE D\u2019AFFICHE DE L\u2019\u00c9QUIPE CANADIENNE DES MONDIAUX DE BMX 2016"},"content":{"rendered":"<p>(Ottawa, ON \u2013 le 16 mai, 2016) Cyclisme Canada a le plaisir d&#8217;annoncer la composition de l&#8217;\u00e9quipe s\u00e9lectionn\u00e9e pour repr\u00e9senter le Canada aux Championnats du monde de BMX qui auront lieu \u00e0 Medellin, en Colombie, du 25 au 29 mai 2016.<\/p>\n<p>Cette \u00e9quipe de seize athl\u00e8tes aura \u00e0 sa t\u00eate Tory Nyhaug, de Coquitlam, CB. Tory est champion en titre des Jeux panam\u00e9ricains, et il abordera ces Championnats avec l&#8217;objectif de prolonger sa s\u00e9rie de trois victoires cons\u00e9cutives \u00e0 l&#8217;\u00e9preuve du contre-la-montre sur le circuit de la Coupe du monde cette saison. Ces Championnats du monde seront aussi la derni\u00e8re comp\u00e9tition importante de Tory avant les Jeux olympiques de Rio cet \u00e9t\u00e9. James Palmer [North Vancouver, CB] et Gaby Malenfant [Drummondville, QC] seront aux c\u00f4t\u00e9s de Tory Nyhaug dans la cat\u00e9gorie \u00e9lite masculine.<\/p>\n<p>Amelia Walsh de Ayr, ON, est la seule participante canadienne dans la cat\u00e9gorie \u00e9lite f\u00e9minine. Walsh sera au coude \u00e0 coude avec plusieurs excellentes coureuses d&#8217;autres pays pour d\u00e9crocher une place de qualification aux Jeux olympiques de Rio. Les deux premi\u00e8res nations qui n&#8217;ont pas encore obtenu leur billet pour Rio obtiendront une place de quota pour Rio \u00e0 ces Championnats du monde en Colombie.<\/p>\n<p>En ce qui concerne les juniors [17-18 ans] chez les hommes et chez les femmes, le Canada sera repr\u00e9sent\u00e9 par un contingent de sept coureurs, avec \u00e0 sa t\u00eate Alex Tougas [Pitt Meadows, CB]. Tougas a remport\u00e9 le titre mondial dans la cat\u00e9gorie Challenge alors qu&#8217;il avait 15 et 16 ans, et s&#8217;est class\u00e9 17e lors de sa premi\u00e8re ann\u00e9e junior l&#8217;an dernier. Mais cette ann\u00e9e, il esp\u00e8re bien remonter sur le podium. Megane Belanger [Oka, QC] est la seule repr\u00e9sentante canadienne chez les femmes juniors.<\/p>\n<p>Cyclisme Canada va \u00e9galement poursuivre son programme de d\u00e9veloppement, qui en est \u00e0 sa deuxi\u00e8me ann\u00e9e, en nommant cinq athl\u00e8tes au sein de son \u00e9quipe de d\u00e9veloppement NextGen. Ces athl\u00e8tes, qui vont courir dans les cat\u00e9gories Challenge de premier niveau, b\u00e9n\u00e9ficieront d&#8217;un soutien qui les aidera \u00e0 se d\u00e9velopper pour \u00e9ventuellement r\u00e9ussir \u00e0 l&#8217;avenir au niveau des Championnats du monde.<\/p>\n<p>Nous avons s\u00e9lectionn\u00e9 un groupe d&#8217;athl\u00e8tes r\u00e9ellement excellents\u00bb a analys\u00e9 Adam Muys, entra\u00eeneur national de d\u00e9veloppement de BMX, qui poursuit : \u00ab\u00c0 l&#8217;approche des Jeux olympiques, il y aura beaucoup de pression \u00e0 cette comp\u00e9tition o\u00f9 nos athl\u00e8tes d&#8217;\u00e9lite visent de bonnes performances, et nos athl\u00e8tes en d\u00e9veloppement vont accumuler une exp\u00e9rience intense qui les m\u00e8nera \u00e0 de futurs succ\u00e8s.\u00bb<\/p>\n<p>La plupart des membres de l&#8217;\u00e9quipe ont particip\u00e9 aux \u00e9preuves de la s\u00e9rie nationale Coupe Canada qui auront lieu les 14 et 15 mai \u00e0 Abbotsford, CB, puis ils prendront part au stage d&#8217;entra\u00eenement final au centre d&#8217;entra\u00eenement national d&#8217;Abbotsford. L&#8217;\u00e9quipe partira lundi 23 mai pour les Championnats du monde.<\/p>\n<p><strong>CHAMPIONNATS DU MONDE DE BMX 2016, MEDELLIN, COLOMBIE \u2013 25-29 MAI<\/strong><\/p>\n<p>\u00c9lites Hommes<\/p>\n<ul>\n<li>Tory NYHAUG, BC<\/li>\n<li>James PALMER, BC<\/li>\n<li>Gaby MALENFANT, QC<\/li>\n<\/ul>\n<p>\u00c9lites Femmes<\/p>\n<ul>\n<li>Amelia WALSH, ON<\/li>\n<\/ul>\n<p>Juniors Hommes<\/p>\n<ul>\n<li>Deven KAWA, AB<\/li>\n<li>Riley LAVORATO, AB<\/li>\n<li>Alex TOUGAS, BC<\/li>\n<li>Benjamin LESLIE, BC<\/li>\n<li>Josh SAMELLS, ON<\/li>\n<li>Nicholas DOYLE, ON<\/li>\n<\/ul>\n<p>Juniors Femmes<\/p>\n<ul>\n<li>M\u00e9gane B\u00c9LANGER, QC<\/li>\n<\/ul>\n<p>Projet de d\u00e9veloppement NextGen<\/p>\n<ul>\n<li>Avriana HEBERT, AB (16 Female)<\/li>\n<li>Alison GRECHT, BC (16 Female)<\/li>\n<li>Aidan WEBBER, BC (16 Male)<\/li>\n<li>James HEDGCOCK, ON (15 Male)<\/li>\n<li>Felix MALTAIS, QC (16 Male)<\/li>\n<\/ul>\n<p>PERSONNEL DE SOUTIEN<\/p>\n<ul>\n<li>Adam Muys \u2013 G\u00e9rant\/Leader<\/li>\n<li>Brendan Arnold \u2013 Personnel de soutien<\/li>\n<li>Kit Wong \u2013 Entra\u00eenneur de conditionnement physique<\/li>\n<li>Jen Turner \u2013 Personnel m\u00e9dical<\/li>\n<li>Nicoline Hebert &#8211; Chaperone de l\u2019\u00e9quipe de d\u00e9veloppmenet<\/li>\n<li>Brian Mansell \u2013 G\u00e9rant des classes Challenges<\/li>\n<\/ul>\n","protected":false},"featured_media":35130,"template":"","meta":{"_acf_changed":false,"advanced_seo_description":"","jetpack_seo_html_title":"","jetpack_seo_noindex":false},"sport":[82],"class_list":["post-24759","news","type-news","status-publish","has-post-thumbnail","hentry","sport-bmx-fr"],"acf":[],"jetpack_sharing_enabled":true,"_links":{"self":[{"href":"https:\/\/cyclingcanada.ca\/fr\/wp-json\/wp\/v2\/news\/24759","targetHints":{"allow":["GET"]}}],"collection":[{"href":"https:\/\/cyclingcanada.ca\/fr\/wp-json\/wp\/v2\/news"}],"about":[{"href":"https:\/\/cyclingcanada.ca\/fr\/wp-json\/wp\/v2\/types\/news"}],"wp:featuredmedia":[{"embeddable":true,"href":"https:\/\/cyclingcanada.ca\/fr\/wp-json\/wp\/v2\/media\/35130"}],"wp:attachment":[{"href":"https:\/\/cyclingcanada.ca\/fr\/wp-json\/wp\/v2\/media?parent=24759"}],"wp:term":[{"taxonomy":"sport","embeddable":true,"href":"https:\/\/cyclingcanada.ca\/fr\/wp-json\/wp\/v2\/sport?post=24759"}],"curies":[{"name":"wp","href":"https:\/\/api.w.org\/{rel}","templated":true}]}}