{"id":24923,"date":"2016-05-31T13:30:27","date_gmt":"2016-05-31T17:31:09","guid":{"rendered":"https:\/\/cyclingcanada.ca\/?post_type=news&amp;p=24923"},"modified":"2016-05-31T13:30:27","modified_gmt":"2016-05-31T17:31:09","slug":"alex-tougas-termine-quatrieme-aux-championnats-du-monde-de-bmx","status":"publish","type":"news","link":"https:\/\/cyclingcanada.ca\/fr\/news\/alex-tougas-termine-quatrieme-aux-championnats-du-monde-de-bmx\/","title":{"rendered":"ALEX TOUGAS TERMINE QUATRI\u00c8ME AUX CHAMPIONNATS DU MONDE DE BMX"},"content":{"rendered":"<p>(Ottawa, ON \u2013 le 31 mai, 2016) Alex Tougas, de Pitt Meadows, CB, a obtenu le meilleur r\u00e9sultat canadien aux Championnats du monde de BMX qui se sont d\u00e9roul\u00e9s \u00e0 Medellin, Colombie, les 28 et 29 mai, en terminant deux fois \u00e0 la quatri\u00e8me place, soit \u00e0 la course de BMX et au contre-la-montre junior masculin.<\/p>\n<p>Tougas a remport\u00e9 ses vagues des rondes pr\u00e9liminaires pour se qualifier pour la finale. Et en finale, il est sorti premier des portillons de d\u00e9part, mais a r\u00e9trograd\u00e9 \u00e0 la quatri\u00e8me place suite \u00e0 une erreur. Deven Kawa, de Stoney Plain, AB, a r\u00e9ussi \u00e0 aller jusqu&#8217;en quart de finale. Au contre-la-montre, Tougas s&#8217;est qualifi\u00e9 avec le cinqui\u00e8me temps le plus rapide, et a finalement pris la quatri\u00e8me place en finale, \u00e0 moins d&#8217;un quart de seconde du podium.<\/p>\n<p>\u00abMis \u00e0 part les d\u00e9lais caus\u00e9s par la pluie, cette comp\u00e9tition s&#8217;est tr\u00e8s bien d\u00e9roul\u00e9e,\u00bb a analys\u00e9 Tougas. \u00abJe suis extr\u00eamement content de ma performance globale \u00e0 ces Championnats, que j&#8217;ai obtenue gr\u00e2ce au soutien dont j&#8217;ai b\u00e9n\u00e9fici\u00e9 pendant ma pr\u00e9paration et pendant la course.\u00bb<\/p>\n<p>Dans la comp\u00e9tition junior f\u00e9minine, M\u00e9gane B\u00e9langer, d&#8217;Oka, QC, a r\u00e9ussi \u00e0 se qualifier pour la finale o\u00f9 elle a pris la septi\u00e8me place. Au contre-la-montre, B\u00e9langer a r\u00e9alis\u00e9 le 17e temps en qualification et ne s&#8217;est pas qualifi\u00e9e pour la finale.<\/p>\n<p>Dans la cat\u00e9gorie \u00e9lite f\u00e9minine, Amelia Walsh, de Ayr, ON, n&#8217;a pas pu franchir l&#8217;\u00e9tape des vagues, car elle a termin\u00e9 cinqui\u00e8me de sa s\u00e9rie. Et au contre-la-montre, Walsh a r\u00e9alis\u00e9 le 28e temps, ce qui ne la qualifiait pas pour la finale.<\/p>\n<p>Tory Nyhaug et James Palmer se sont tous les deux qualifi\u00e9s pour les vagues de la cat\u00e9gorie \u00e9lite masculine, mais Nyhaug n&#8217;a pas pu franchir les huiti\u00e8mes de finale, et Palmer a manqu\u00e9 de tr\u00e8s peu la qualification pour les quarts de finale. Nyhaug, qui avait remport\u00e9 trois \u00e9tapes de la Coupe du monde au contre-la-montre, a malheureusement chut\u00e9 lors de sa course de qualification, tandis que de son c\u00f4t\u00e9 Palmer a termin\u00e9 en 43e position, ce qui ne le qualifiait pas pour la finale.<\/p>\n<p>\u00abJe suis vraiment tr\u00e8s content de la performance d&#8217;Alex\u00bb a d\u00e9clar\u00e9 Adam Muys, le g\u00e9rant de l&#8217;\u00e9quipe canadienne, qui poursuit : \u00abIl a \u00e9t\u00e9 tr\u00e8s constant et a bien ex\u00e9cut\u00e9 nos plans. J&#8217;ai h\u00e2te de voir ses r\u00e9sultats l&#8217;an prochain dans la cat\u00e9gorie \u00e9lite masculine. L&#8217;ambiance au sein de l&#8217;\u00e9quipe \u00e9tait fantastique, et plusieurs coureurs de la rel\u00e8ve NextGen ont \u00e9t\u00e9 expos\u00e9s \u00e0 la culture de haute performance.\u00bb<\/p>\n","protected":false},"featured_media":35139,"template":"","meta":{"_acf_changed":false,"advanced_seo_description":"","jetpack_seo_html_title":"","jetpack_seo_noindex":false},"sport":[82],"class_list":["post-24923","news","type-news","status-publish","has-post-thumbnail","hentry","sport-bmx-fr"],"acf":[],"jetpack_sharing_enabled":true,"_links":{"self":[{"href":"https:\/\/cyclingcanada.ca\/fr\/wp-json\/wp\/v2\/news\/24923","targetHints":{"allow":["GET"]}}],"collection":[{"href":"https:\/\/cyclingcanada.ca\/fr\/wp-json\/wp\/v2\/news"}],"about":[{"href":"https:\/\/cyclingcanada.ca\/fr\/wp-json\/wp\/v2\/types\/news"}],"wp:featuredmedia":[{"embeddable":true,"href":"https:\/\/cyclingcanada.ca\/fr\/wp-json\/wp\/v2\/media\/35139"}],"wp:attachment":[{"href":"https:\/\/cyclingcanada.ca\/fr\/wp-json\/wp\/v2\/media?parent=24923"}],"wp:term":[{"taxonomy":"sport","embeddable":true,"href":"https:\/\/cyclingcanada.ca\/fr\/wp-json\/wp\/v2\/sport?post=24923"}],"curies":[{"name":"wp","href":"https:\/\/api.w.org\/{rel}","templated":true}]}}