{"id":25868,"date":"2016-08-17T15:03:31","date_gmt":"2016-08-17T19:04:27","guid":{"rendered":"https:\/\/cyclingcanada.ca\/?post_type=news&amp;p=25868"},"modified":"2016-08-17T15:03:31","modified_gmt":"2016-08-17T19:04:27","slug":"nyhaug-termine-18e-au-contre-la-montre-de-bmx","status":"publish","type":"news","link":"https:\/\/cyclingcanada.ca\/fr\/news\/nyhaug-termine-18e-au-contre-la-montre-de-bmx\/","title":{"rendered":"NYHAUG TERMINE 18E AU CONTRE-LA-MONTRE DE BMX"},"content":{"rendered":"<p>(Rio, BRA \u2013 le 17 ao\u00fbt 2016) Tory Nyhaug, le seul Canadien participant \u00e0 la comp\u00e9tition olympique de BMX, a termin\u00e9 \u00e0 la 18e place sur 32 concurrents mercredi, le premier jour du tournoi olympique. Ce contre-la-montre servira \u00e0 \u00e9tablir les t\u00eates de s\u00e9rie pour les quarts de finale qui auront lieu jeudi, et seront suivis vendredi des demi-finales et de la finale. Nyhaug a r\u00e9alis\u00e9 un temps de 35,422 secondes, soit 0,805 seconde seulement derri\u00e8re le premier de l&#8217;\u00e9preuve, le Fran\u00e7ais Joris Daudet.<\/p>\n<p>\u00abLa piste est vraiment rapide\u00bb a comment\u00e9 Nyhaug, qui ajoute : \u00abJ&#8217;ai fait plusieurs erreurs, mais c&#8217;est acceptable pour un contre-la-montre. C&#8217;est notre premier parcours sur cette piste, et c&#8217;est une bonne exp\u00e9rience pour la course de demain. Il fait vraiment tr\u00e8s chaud, et je vais devoir faire tr\u00e8s attention \u00e0 \u00e7a, et beaucoup m&#8217;hydrater. Bien \u00e9videmment, j&#8217;aurais mieux aim\u00e9 avoir un meilleur temps sur ce tour de piste, mais cela ne change rien pour demain. Une course, c&#8217;est diff\u00e9rent d&#8217;un contre-la-montre, et je suis fin pr\u00eat.\u00bb<\/p>\n","protected":false},"featured_media":35214,"template":"","meta":{"_acf_changed":false,"advanced_seo_description":"","jetpack_seo_html_title":"","jetpack_seo_noindex":false},"sport":[82],"class_list":["post-25868","news","type-news","status-publish","has-post-thumbnail","hentry","sport-bmx-fr"],"acf":[],"jetpack_sharing_enabled":true,"_links":{"self":[{"href":"https:\/\/cyclingcanada.ca\/fr\/wp-json\/wp\/v2\/news\/25868","targetHints":{"allow":["GET"]}}],"collection":[{"href":"https:\/\/cyclingcanada.ca\/fr\/wp-json\/wp\/v2\/news"}],"about":[{"href":"https:\/\/cyclingcanada.ca\/fr\/wp-json\/wp\/v2\/types\/news"}],"wp:featuredmedia":[{"embeddable":true,"href":"https:\/\/cyclingcanada.ca\/fr\/wp-json\/wp\/v2\/media\/35214"}],"wp:attachment":[{"href":"https:\/\/cyclingcanada.ca\/fr\/wp-json\/wp\/v2\/media?parent=25868"}],"wp:term":[{"taxonomy":"sport","embeddable":true,"href":"https:\/\/cyclingcanada.ca\/fr\/wp-json\/wp\/v2\/sport?post=25868"}],"curies":[{"name":"wp","href":"https:\/\/api.w.org\/{rel}","templated":true}]}}