{"id":28368,"date":"2017-05-03T09:57:05","date_gmt":"2017-05-03T13:57:05","guid":{"rendered":"https:\/\/cyclingcanada.ca\/?post_type=news&amp;p=28368"},"modified":"2017-05-03T09:57:05","modified_gmt":"2017-05-03T13:57:05","slug":"le-canada-envoie-une-equipe-de-cinq-coureurs-aux-premieres-coupes-du-monde-de-bmx","status":"publish","type":"news","link":"https:\/\/cyclingcanada.ca\/fr\/news\/le-canada-envoie-une-equipe-de-cinq-coureurs-aux-premieres-coupes-du-monde-de-bmx\/","title":{"rendered":"LE CANADA ENVOIE UNE \u00c9QUIPE DE CINQ COUREURS AUX PREMI\u00c8RES COUPES DU MONDE DE BMX"},"content":{"rendered":"<p><strong>Ottawa, le 3 mai 2017 <\/strong>\u2013 C\u2019est avec enthousiasme que Cyclisme Canada d\u00e9voile les cinq athl\u00e8tes qui repr\u00e9senteront le Canada aux premi\u00e8res coupes du monde de BMX cette ann\u00e9e. Les deux premi\u00e8res coupes du monde se tiendront \u00e0 Papendal (Pays-Bas) les 6 et 7 mai prochains, alors que les coupes du monde 3 et 4 auront lieu \u00e0 Zolder (Belgique) les 13 et 14 mai.<\/p>\n<p>L\u2019\u00e9quipe masculine \u00e9lite sera men\u00e9e par le champion panam\u00e9ricain et olympien originaire de Coquitlam, en Colombie-Britannique, Tory Nyhaug. Il sera accompagn\u00e9 de Gaby Malenfant (Drummondville, QC), James Palmer (North Vancouver, CB) et d\u2019Alex Tougas (Pitt Meadows, BC), qui en est \u00e0 sa premi\u00e8re ann\u00e9e dans la cat\u00e9gorie \u00e9lite. Du c\u00f4t\u00e9 des femmes, Drew Mechielsen de Langley, CB, participera \u00e0 la course \u00e9lite.<\/p>\n<p>\u00abOn d\u00e9bute le nouveau cycle olympique avec ces coupes du monde. Le format a chang\u00e9 cette ann\u00e9e; on fait seulement une course de qualification, puis un rep\u00eachage, suivi des tours d\u2019\u00e9limination pour finalement se rendre en finale. Ce sera le m\u00eame format qui s\u2019applique aux deux jours, donc essentiellement deux coupes du monde en un week-end\u00bb explique Adam Muys, entra\u00eeneur national NextGen de BMX.<\/p>\n<p>Muys ajoute\u00a0: \u00abNous avons eu beaucoup d\u2019heures d\u2019entra\u00eenement au cours de l\u2019hiver et nous avons h\u00e2te de voir \u00e0 quel point nos athl\u00e8tes se sont am\u00e9lior\u00e9s. On s\u2019attend \u00e0 de grandes choses de la part de Tory Nyhaug, mais on ne serait pas surpris de voir de bonnes performance de la part de James Palmer, Alex Tougas, Gaby Malenfant et Drew Mechielsen.\u00bb<\/p>\n<p><strong>Athl\u00e8tes<\/strong><br \/>\nDrew Mechielsen &#8211; Langley, CB [Femmes \u00e9lite]<br \/>\nGaby Malenfant &#8211; Drummondville, QC [Hommes \u00e9lite]<br \/>\nTory Nyhaug &#8211; Coquitlam, CB [Hommes \u00e9lite]<br \/>\nJames Palmer &#8211; North Vancouver, CB [Hommes \u00e9lite]<br \/>\nAlex Tougas &#8211; Pitt Meadows, CB [Hommes \u00e9lite]<\/p>\n<p>Entra\u00eeneur &#8211; Adam Muys<br \/>\nChiropraticienne &#8211; Jenn Turner<\/p>\n","protected":false},"featured_media":35320,"template":"","meta":{"_acf_changed":false,"advanced_seo_description":"","jetpack_seo_html_title":"","jetpack_seo_noindex":false},"sport":[82],"class_list":["post-28368","news","type-news","status-publish","has-post-thumbnail","hentry","sport-bmx-fr"],"acf":[],"jetpack_sharing_enabled":true,"_links":{"self":[{"href":"https:\/\/cyclingcanada.ca\/fr\/wp-json\/wp\/v2\/news\/28368","targetHints":{"allow":["GET"]}}],"collection":[{"href":"https:\/\/cyclingcanada.ca\/fr\/wp-json\/wp\/v2\/news"}],"about":[{"href":"https:\/\/cyclingcanada.ca\/fr\/wp-json\/wp\/v2\/types\/news"}],"wp:featuredmedia":[{"embeddable":true,"href":"https:\/\/cyclingcanada.ca\/fr\/wp-json\/wp\/v2\/media\/35320"}],"wp:attachment":[{"href":"https:\/\/cyclingcanada.ca\/fr\/wp-json\/wp\/v2\/media?parent=28368"}],"wp:term":[{"taxonomy":"sport","embeddable":true,"href":"https:\/\/cyclingcanada.ca\/fr\/wp-json\/wp\/v2\/sport?post=28368"}],"curies":[{"name":"wp","href":"https:\/\/api.w.org\/{rel}","templated":true}]}}