{"id":28402,"date":"2017-05-09T10:22:06","date_gmt":"2017-05-09T14:22:06","guid":{"rendered":"https:\/\/cyclingcanada.ca\/?post_type=news&amp;p=28402"},"modified":"2017-05-09T10:22:06","modified_gmt":"2017-05-09T14:22:06","slug":"nyhaug-remporte-largent-a-la-deuxieme-coupe-du-monde-de-bmx","status":"publish","type":"news","link":"https:\/\/cyclingcanada.ca\/fr\/news\/nyhaug-remporte-largent-a-la-deuxieme-coupe-du-monde-de-bmx\/","title":{"rendered":"NYHAUG REMPORTE L\u2019ARGENT \u00c0 LA DEUXI\u00c8ME COUPE DU MONDE DE BMX"},"content":{"rendered":"<p><strong>Papendal, le 9 mai 2017 <\/strong>\u2013 Les canadiens ont connu un bon d\u00e9part \u00e0 la saison 2017 de BMX, alors que Tory Nyhaug (Coquitlam, CB) a remport\u00e9 une m\u00e9daille d\u2019argent lors du deuxi\u00e8me tour de la Coupe du monde de BMX ce dimanche \u00e0 Papendal, aux Pays-Bas.<\/p>\n<p>Il est important de souligner le fait que le programme de BMX canadien a connu bien des changements au cours des trois derniers mois afin de mettre plus d\u2019emphase sur le d\u00e9veloppement des athl\u00e8tes et les r\u00e9sultats haute performance.<\/p>\n<p>\u00abNous travaillons fort depuis Rio afin d\u2019analyser les athl\u00e8tes canadiens qui sont comp\u00e9titifs sur le circuit international, en plus de penser au futur et \u00e0 la rel\u00e8ve qui se fera gr\u00e2ce au programme NextGen\u00bb a comment\u00e9 le coach NextGen de BMX &#8211; division ouest, Adam Muys, qui poursuit\u00a0: \u00abNous avons plusieurs espoirs olympiques, dont Tory Nyhaug, James Palmer, Daina Tuchscherer et Drew Mechielson, mais il ne faut pas oublier que nous avons aussi plusieurs des meilleurs athl\u00e8tes U23 et Juniors au monde. Nous avons h\u00e2te de voir ce que nous pourrons accomplir dans les prochains 4 \u00e0 6 ans maintenant que nous avons deux pistes de calibre mondial sur lesquelles nous entra\u00eener (Abbotsford, CB et Toronto, ON).\u00bb<\/p>\n<p>\u00abLe succ\u00e8s vient avec le temps et c\u2019est essentiel d\u2019avoir une bonne \u00e9quipe pour aider les athl\u00e8tes \u00e0 se d\u00e9passer et aller chercher ces performances. Nous avons entam\u00e9 un processus qui nous permettra d\u2019avoir de meilleurs r\u00e9sultats, notamment gr\u00e2ce \u00e0 notre programme de performance national et notre programme NextGen, qui vient tout juste d\u2019\u00eatre implant\u00e9. Bien entendu, on veut performer aux coupes du monde, aux championnats du monde et aux Olympiques, mais notre r\u00f4le en tant qu\u2019entra\u00eeneurs est d\u2019aider nos athl\u00e8tes \u00e0 devenir comp\u00e9titifs t\u00f4t dans leur carri\u00e8re afin qu\u2019ils puissent avoir les comp\u00e9tences n\u00e9cessaires pour courir au niveau international\u00bb a soulign\u00e9 Brendan Arnold, le nouvel entra\u00eeneur NextGen.<\/p>\n<p>Les coupes du monde de BMX ont adopt\u00e9 un nouveau format cette ann\u00e9e, avec deux coupes du monde en un seul week-end qui se d\u00e9roulent au m\u00eame endroit. Nyhaug, qui a remport\u00e9 les Jeux panam\u00e9ricains et a termin\u00e9 5e aux Jeux olympiques de Rio, s\u2019est rendu en finale lors des deux courses, o\u00f9 il a termin\u00e9 6<sup>e<\/sup> samedi et 2<sup>e<\/sup> dimanche. James Palmer\u00a0(North Vancouver, CB) s\u2019est rendu en quarts de finale les deux journ\u00e9es, finissant 26<sup>e<\/sup> samedi et 30<sup>e<\/sup> dimanche.<\/p>\n<p>Selon Tory Nyhaug, \u00abce fut un week-end assez demandant. J\u2019ai gard\u00e9 \u00e7a simple et je n\u2019ai pas seulement termin\u00e9 sur le podium, mais j\u2019ai aussi r\u00e9ussi \u00e0 rester devant. C\u2019est ma plus grande fiert\u00e9.\u00bb<\/p>\n<p>Du c\u00f4t\u00e9 des femmes, Drew Mechielsen a eu une journ\u00e9e plus difficile samedi, terminant 41<sup>e<\/sup>, mais elle s\u2019est reprise dimanche avec une 14<sup>e<\/sup> position.<\/p>\n<p>\u00abC\u2019\u00e9tait un processus lent et \u00e7a m\u2019a pris du temps avant de bien apprivoiser la course, mais j\u2019ai \u00e9t\u00e9 capable de me rendre en demi-finale, donc je suis vraiment heureuse\u00bb a comment\u00e9 Mechielsen.<\/p>\n<p>Les athl\u00e8tes se dirigent maintenant vers Zolder, en Belgique, o\u00f9 ils prendront part aux coupes du monde 3 et 4 le week-end prochain.<\/p>\n","protected":false},"featured_media":35322,"template":"","meta":{"_acf_changed":false,"advanced_seo_description":"","jetpack_seo_html_title":"","jetpack_seo_noindex":false},"sport":[82],"class_list":["post-28402","news","type-news","status-publish","has-post-thumbnail","hentry","sport-bmx-fr"],"acf":[],"jetpack_sharing_enabled":true,"_links":{"self":[{"href":"https:\/\/cyclingcanada.ca\/fr\/wp-json\/wp\/v2\/news\/28402","targetHints":{"allow":["GET"]}}],"collection":[{"href":"https:\/\/cyclingcanada.ca\/fr\/wp-json\/wp\/v2\/news"}],"about":[{"href":"https:\/\/cyclingcanada.ca\/fr\/wp-json\/wp\/v2\/types\/news"}],"wp:featuredmedia":[{"embeddable":true,"href":"https:\/\/cyclingcanada.ca\/fr\/wp-json\/wp\/v2\/media\/35322"}],"wp:attachment":[{"href":"https:\/\/cyclingcanada.ca\/fr\/wp-json\/wp\/v2\/media?parent=28402"}],"wp:term":[{"taxonomy":"sport","embeddable":true,"href":"https:\/\/cyclingcanada.ca\/fr\/wp-json\/wp\/v2\/sport?post=28402"}],"curies":[{"name":"wp","href":"https:\/\/api.w.org\/{rel}","templated":true}]}}