{"id":29975,"date":"2017-09-26T18:59:30","date_gmt":"2017-09-26T22:59:30","guid":{"rendered":"https:\/\/cyclingcanada.ca\/?post_type=news&amp;p=29975"},"modified":"2017-09-26T18:59:30","modified_gmt":"2017-09-26T22:59:30","slug":"les-votes-sont-ouverts-pour-levenement-de-lannee","status":"publish","type":"news","link":"https:\/\/cyclingcanada.ca\/fr\/news\/les-votes-sont-ouverts-pour-levenement-de-lannee\/","title":{"rendered":"LES VOTES SONT OUVERTS POUR L&#8217;\u00c9V\u00c9NEMENT DE L&#8217;ANN\u00c9E"},"content":{"rendered":"<p><strong>Ottawa, le 26 septembre 2017 &#8211;<\/strong> Apr\u00e8s une saison tr\u00e8s mouvement\u00e9e, Cyclisme Canada invite tous les amateurs de cyclisme \u00e0 voter en ligne au cours des prochaines semaines pour d\u00e9terminer les \u00ab\u00e9v\u00e9nements de l\u2019ann\u00e9e 2017\u00bb. Le vote des fans comptera pour 50% du vote final afin de d\u00e9terminer quels ont \u00e9t\u00e9 les meilleurs \u00e9v\u00e9nements de l&#8217;ann\u00e9e au niveau de la route, de la piste, du v\u00e9lo de montagne, du BMX, du paracyclisme et du cyclo-cross.&nbsp;<\/p>\n<p>L\u2019\u00e9v\u00e9nement de l\u2019ann\u00e9e 2017 sera d\u00e9termin\u00e9 par une proportion \u00e9gale du vote du public (ce sondage) et l\u2019\u00e9valuation des crit\u00e8res suivants par les employ\u00e9s de Cyclisme Canada et les comit\u00e9s concern\u00e9s:<\/p>\n<ul>\n<li>Communication avec les intervenants<\/li>\n<li>Promotion de l\u2019\u00e9v\u00e9nement<\/li>\n<li>Pr\u00e9sentation et ex\u00e9cution de l\u2019\u00e9v\u00e9nement<\/li>\n<li>Organisation et planification<\/li>\n<\/ul>\n<p>Cyclisme Canada aimerait profiter de cette occasion pour remercier tous les organisateurs avec qui nous avons collabor\u00e9 cette saison. Les grands \u00e9v\u00e9nements contribuent \u00e0 notre succ\u00e8s international et \u00e0 la notori\u00e9t\u00e9 du sport au Canada.&nbsp;<\/p>\n<p>Le sondage sera en ligne jusqu\u2019au&nbsp;<strong>10 octobre&nbsp;<\/strong>\u00e0 11h59 EST. Cyclisme Canada annoncera les laur\u00e9ats lors de son Assembl\u00e9e G\u00e9n\u00e9rale Annuelle.<\/p>\n<p><a href=\"https:\/\/www.surveymonkey.com\/r\/J5H9JFD\"><b>Cliquez ici&nbsp;<\/b><\/a>pour acc\u00e9der au sondage.&nbsp;<\/p>\n","protected":false},"featured_media":35374,"template":"","meta":{"_acf_changed":false,"advanced_seo_description":"","jetpack_seo_html_title":"","jetpack_seo_noindex":false},"sport":[82],"class_list":["post-29975","news","type-news","status-publish","has-post-thumbnail","hentry","sport-bmx-fr"],"acf":[],"jetpack_sharing_enabled":true,"_links":{"self":[{"href":"https:\/\/cyclingcanada.ca\/fr\/wp-json\/wp\/v2\/news\/29975","targetHints":{"allow":["GET"]}}],"collection":[{"href":"https:\/\/cyclingcanada.ca\/fr\/wp-json\/wp\/v2\/news"}],"about":[{"href":"https:\/\/cyclingcanada.ca\/fr\/wp-json\/wp\/v2\/types\/news"}],"wp:featuredmedia":[{"embeddable":true,"href":"https:\/\/cyclingcanada.ca\/fr\/wp-json\/wp\/v2\/media\/35374"}],"wp:attachment":[{"href":"https:\/\/cyclingcanada.ca\/fr\/wp-json\/wp\/v2\/media?parent=29975"}],"wp:term":[{"taxonomy":"sport","embeddable":true,"href":"https:\/\/cyclingcanada.ca\/fr\/wp-json\/wp\/v2\/sport?post=29975"}],"curies":[{"name":"wp","href":"https:\/\/api.w.org\/{rel}","templated":true}]}}