{"id":3006,"date":"2012-05-22T17:44:22","date_gmt":"2012-05-22T21:45:03","guid":{"rendered":"https:\/\/cyclingcanada.ca\/?post_type=news&amp;p=3006"},"modified":"2012-05-22T17:44:22","modified_gmt":"2012-05-22T21:45:03","slug":"blesse-tory-nyhaug-ratera-les-mondiaux-de-bmx","status":"publish","type":"news","link":"https:\/\/cyclingcanada.ca\/fr\/news\/blesse-tory-nyhaug-ratera-les-mondiaux-de-bmx\/","title":{"rendered":"BLESS\u00c9, TORY NYHAUG RATERA LES MONDIAUX DE BMX"},"content":{"rendered":"<p><em>Nyhaug est toujours hospitalis\u00e9 apr\u00e8s avoir subi des blessures lors de la derni\u00e8re Coupe du monde<\/em><br \/> \u00a0<br \/> (Ottawa, ON \u2013 Le 22 mai) Le pilote canadien de BMX Tory Nyhaug de Coquitlam, en Colombie-Britannique a subi une s\u00e9rie de blessures lors de la grande finale de Supercross, il y a deux semaines, \u00e0 Papendal, aux Pays-Bas, lors de la troisi\u00e8me course de BMX Supercross UCI de la saison 2012.<br \/> \u00a0<br \/> R\u00e9sultant des blessures, Nyhaug ratera les prochains Championnats du monde de BMX, qui ont lieu ce weekend \u00e0 Birmingham, en Grande-Bretagne.<br \/> \u00a0<br \/> \u00ab\u00a0Tory est un athl\u00e8te d\u00e9termin\u00e9 et r\u00e9silient. Il est un athl\u00e8te qui a \u00e9t\u00e9 identifi\u00e9 pour une m\u00e9daille aux Jeux olympiques de 2016, mais si l\u2019opportunit\u00e9 se pr\u00e9sente et que Tory soit pr\u00eat pour les Jeux olympiques de Londres, cet \u00e9t\u00e9, il n\u2019y a aucun doute que Tory, sa famille, son \u00e9quipe m\u00e9dicale, et son personnel entra\u00eeneur travailleront tous ensemble afin de s\u2019assurer qu\u2019il participe aux Jeux,\u00a0\u00bb commente Jacques Landry, directeur de la haute performance \u00e0 l\u2019Association cycliste canadienne.<br \/> \u00a0<br \/> Dans l&#8217;accident qui s&#8217;est produit sur la troisi\u00e8me ligne droite de la piste au centre d&#8217;entra\u00eenement olympique de BMX \u00e0 Papendal, Nyhaug a souffert d\u2019une rupture de la rate, et a \u00e9t\u00e9 hospitalis\u00e9. Il est depuis gard\u00e9 \u00e0 l&#8217;h\u00f4pital pour observations et soins m\u00e9dicaux continuels.<\/p>\n","protected":false},"featured_media":0,"template":"","meta":{"_acf_changed":false,"advanced_seo_description":"","jetpack_seo_html_title":"","jetpack_seo_noindex":false},"sport":[82],"class_list":["post-3006","news","type-news","status-publish","hentry","sport-bmx-fr"],"acf":[],"jetpack_sharing_enabled":true,"_links":{"self":[{"href":"https:\/\/cyclingcanada.ca\/fr\/wp-json\/wp\/v2\/news\/3006","targetHints":{"allow":["GET"]}}],"collection":[{"href":"https:\/\/cyclingcanada.ca\/fr\/wp-json\/wp\/v2\/news"}],"about":[{"href":"https:\/\/cyclingcanada.ca\/fr\/wp-json\/wp\/v2\/types\/news"}],"wp:attachment":[{"href":"https:\/\/cyclingcanada.ca\/fr\/wp-json\/wp\/v2\/media?parent=3006"}],"wp:term":[{"taxonomy":"sport","embeddable":true,"href":"https:\/\/cyclingcanada.ca\/fr\/wp-json\/wp\/v2\/sport?post=3006"}],"curies":[{"name":"wp","href":"https:\/\/api.w.org\/{rel}","templated":true}]}}