{"id":30412,"date":"2017-11-07T09:28:02","date_gmt":"2017-11-07T14:28:02","guid":{"rendered":"https:\/\/cyclingcanada.ca\/?post_type=news&amp;p=30412"},"modified":"2017-11-07T09:28:02","modified_gmt":"2017-11-07T14:28:02","slug":"jaden-chipman-va-representer-le-canada-aux-championnats-du-monde-urban-cycling","status":"publish","type":"news","link":"https:\/\/cyclingcanada.ca\/fr\/news\/jaden-chipman-va-representer-le-canada-aux-championnats-du-monde-urban-cycling\/","title":{"rendered":"JADEN CHIPMAN VA REPR\u00c9SENTER LE CANADA AUX CHAMPIONNATS DU MONDE URBAN CYCLING"},"content":{"rendered":"<p><strong>Chengdu, Chine, le 7 novembre 2017 <\/strong>\u2013 Le Canada sera repr\u00e9sent\u00e9 par un athl\u00e8te \u00e0 la premi\u00e8re \u00e9dition des Championnats du Monde Urban Cycling qui vont avoir lieu \u00e0 Chengdu, en Chine, du 8 au 12 novembre prochains. Jaden Chipman, de New Lowell en Ontario, s&#8217;alignera \u00e0 l&#8217;\u00e9preuve masculine de style libre de BMX, \u00e9preuve qui sera ajout\u00e9e au programme des Jeux olympiques de Tokyo de 2020.<\/p>\n<p>Chipman, \u00e2g\u00e9 de 17 ans, occupe la 42<sup>e<\/sup> place du classement g\u00e9n\u00e9ral de la Coupe du monde BMX Freestyle Park. Il fait du BMX depuis 2012, et il a r\u00e9cemment remport\u00e9 le Pepsi Pro\/Am.<\/p>\n<p>\u00abC&#8217;est excitant que le BMX Freestyle soit ajout\u00e9 au programme olympique pour les Jeux de Tokyo\u00bb analyse Jacques Landry, directeur technique et entra\u00eeneur en chef de Cyclisme Canada, qui poursuit : \u00abCes Championnats du Monde Urban Cycling sont donc importants, car ils constitueront pour les f\u00e9d\u00e9rations nationales une bonne opportunit\u00e9 de mieux g\u00e9rer cette nouvelle discipline r\u00e9cemment ajout\u00e9e au programme olympique. M\u00eame si nous [Cyclisme Canada] n&#8217;avons qu&#8217;un seul repr\u00e9sentant \u00e0 Chengdu, il est quand m\u00eame important d&#8217;avoir une id\u00e9e de ce qui se passe. Je pense que ma visite, \u00e0 titre de dirigeant de Cyclisme Canada, contribuera \u00e0 nous ouvrir les yeux.\u00bb<\/p>\n","protected":false},"featured_media":35444,"template":"","meta":{"_acf_changed":false,"advanced_seo_description":"","jetpack_seo_html_title":"","jetpack_seo_noindex":false},"sport":[82],"class_list":["post-30412","news","type-news","status-publish","has-post-thumbnail","hentry","sport-bmx-fr"],"acf":[],"jetpack_sharing_enabled":true,"_links":{"self":[{"href":"https:\/\/cyclingcanada.ca\/fr\/wp-json\/wp\/v2\/news\/30412","targetHints":{"allow":["GET"]}}],"collection":[{"href":"https:\/\/cyclingcanada.ca\/fr\/wp-json\/wp\/v2\/news"}],"about":[{"href":"https:\/\/cyclingcanada.ca\/fr\/wp-json\/wp\/v2\/types\/news"}],"wp:featuredmedia":[{"embeddable":true,"href":"https:\/\/cyclingcanada.ca\/fr\/wp-json\/wp\/v2\/media\/35444"}],"wp:attachment":[{"href":"https:\/\/cyclingcanada.ca\/fr\/wp-json\/wp\/v2\/media?parent=30412"}],"wp:term":[{"taxonomy":"sport","embeddable":true,"href":"https:\/\/cyclingcanada.ca\/fr\/wp-json\/wp\/v2\/sport?post=30412"}],"curies":[{"name":"wp","href":"https:\/\/api.w.org\/{rel}","templated":true}]}}