{"id":30507,"date":"2017-11-10T12:16:13","date_gmt":"2017-11-10T17:16:13","guid":{"rendered":"https:\/\/cyclingcanada.ca\/?post_type=news&amp;p=30507"},"modified":"2017-11-10T12:16:13","modified_gmt":"2017-11-10T17:16:13","slug":"chipman-se-classe-7e-junior-aux-championnats-du-monde-urban-cycling","status":"publish","type":"news","link":"https:\/\/cyclingcanada.ca\/fr\/news\/chipman-se-classe-7e-junior-aux-championnats-du-monde-urban-cycling\/","title":{"rendered":"CHIPMAN SE CLASSE 7E JUNIOR AUX CHAMPIONNATS DU MONDE URBAN CYCLING"},"content":{"rendered":"<p><strong>Chengdu, Chine, le 10 novembre 2017 <\/strong>\u2013 Le Canadien Jaden Chipman, de New Lowell en Ontario, s&#8217;est class\u00e9 \u00e0 la septi\u00e8me place chez les juniors et 34<sup>e<\/sup> au classement g\u00e9n\u00e9ral des qualifications \u00e0 la premi\u00e8re \u00e9dition des Championnats du Monde Urban Cycling vendredi \u00e0 Chengdu, en Chine.<\/p>\n<p>La ronde de qualification de cette nouvelle \u00e9preuve, qui va figurer au programme olympique pour la premi\u00e8re fois \u00e0 Tokyo en 2020, se composait de deux manches d&#8217;une minute chacune, dont on a fait la moyenne des pointages. Chipman a re\u00e7u 59,20 points pour ses deux manches, et il s&#8217;est attir\u00e9 une attention toute sp\u00e9ciale pour sa technique \u00abQuad Truck\u00bb, qui consiste en une combinaison d&#8217;un tour complet de 360 degr\u00e9s du v\u00e9lo tout en faisant tourner quatre fois le guidon, tout cela pendant le m\u00eame saut. \u00c0 notre connaissance, c&#8217;est la toute premi\u00e8re fois que quelqu&#8217;un r\u00e9ussit cette technique en comp\u00e9tition internationale.<\/p>\n<p>\u00abJe suis vraiment satisfait de mes deux manches\u00bb a d\u00e9clar\u00e9 Chipman, qui poursuit : \u00abJe suis tomb\u00e9 dans la premi\u00e8re, mais c&#8217;\u00e9tait \u00e0 la toute fin, et je suis satisfait des techniques que j&#8217;ai ex\u00e9cut\u00e9es. J&#8217;ai r\u00e9ussi un \u00abQuad Truck\u00bb et dans l&#8217;ensemble je pense avoir bien fait. Je suis fier de mes prestations. Je pense que c&#8217;est vraiment cool de repr\u00e9senter le Canada ici \u00e0 ces premiers Championnats du Monde de l&#8217;histoire.\u00bb<\/p>\n<p>Malheureusement, la comp\u00e9tition de Chipman a pris fin apr\u00e8s les qualifications, car seulement les 24 premiers coureurs se qualifiaient pour les demi-finales de samedi.<\/p>\n<p>\u00abIl s&#8217;agissait de ma premi\u00e8re incursion dans le monde du freestyle, a d\u00e9clar\u00e9 Jacques Landry, directeur technique et entra\u00eeneur en chef de Cyclisme Canada, qui ajoute : \u00abJe peux comprendre pourquoi le CIO a inclus cette \u00e9preuve au programme olympique. En effet, elle combine des \u00e9l\u00e9ments athl\u00e9tiques et techniques. Il faudra toutefois faire certains ajustements pour l&#8217;adapter aux normes olympiques. J&#8217;esp\u00e8re seulement que ces ajustements n&#8217;enl\u00e8veront rien \u00e0 la culture actuelle qui r\u00e8gne en freestyle et qui est si appr\u00e9ci\u00e9e de ses participants.\u00bb<\/p>\n<p>\u00abSelon ma perspective encore limit\u00e9e du freestyle, je pense que Jaden a tr\u00e8s bien perform\u00e9. Il a vraiment beaucoup de capacit\u00e9s, et je pensais vraiment qu&#8217;il pourrait se qualifier pour les demi-finales, mais les juges ne l&#8217;ont pas vu de cette fa\u00e7on! Comme il est encore junior, il a beaucoup de place pour s&#8217;am\u00e9liorer.\u00bb<\/p>\n","protected":false},"featured_media":35445,"template":"","meta":{"_acf_changed":false,"advanced_seo_description":"","jetpack_seo_html_title":"","jetpack_seo_noindex":false},"sport":[82],"class_list":["post-30507","news","type-news","status-publish","has-post-thumbnail","hentry","sport-bmx-fr"],"acf":[],"jetpack_sharing_enabled":true,"_links":{"self":[{"href":"https:\/\/cyclingcanada.ca\/fr\/wp-json\/wp\/v2\/news\/30507","targetHints":{"allow":["GET"]}}],"collection":[{"href":"https:\/\/cyclingcanada.ca\/fr\/wp-json\/wp\/v2\/news"}],"about":[{"href":"https:\/\/cyclingcanada.ca\/fr\/wp-json\/wp\/v2\/types\/news"}],"wp:featuredmedia":[{"embeddable":true,"href":"https:\/\/cyclingcanada.ca\/fr\/wp-json\/wp\/v2\/media\/35445"}],"wp:attachment":[{"href":"https:\/\/cyclingcanada.ca\/fr\/wp-json\/wp\/v2\/media?parent=30507"}],"wp:term":[{"taxonomy":"sport","embeddable":true,"href":"https:\/\/cyclingcanada.ca\/fr\/wp-json\/wp\/v2\/sport?post=30507"}],"curies":[{"name":"wp","href":"https:\/\/api.w.org\/{rel}","templated":true}]}}