{"id":30614,"date":"2017-12-12T09:22:50","date_gmt":"2017-12-12T14:22:50","guid":{"rendered":"https:\/\/cyclingcanada.ca\/?post_type=news&amp;p=30614"},"modified":"2017-12-12T09:22:50","modified_gmt":"2017-12-12T14:22:50","slug":"cyclisme-canada-devoile-les-athletes-de-son-programme-de-bmx-pour-2018","status":"publish","type":"news","link":"https:\/\/cyclingcanada.ca\/fr\/news\/cyclisme-canada-devoile-les-athletes-de-son-programme-de-bmx-pour-2018\/","title":{"rendered":"CYCLISME CANADA D\u00c9VOILE LES ATHL\u00c8TES DE SON PROGRAMME DE BMX POUR 2018"},"content":{"rendered":"<p><strong>Ottawa, ON, le 12 d\u00e9cembre 2017&nbsp;<\/strong>\u2013 Cyclisme Canada a choisi les athl\u00e8tes de BMX qui formeront les groupes d&#8217;entra\u00eenement de l&#8217;\u00e9quipe nationale et de la rel\u00e8ve (Nextgen) pour la saison 2018.<\/p>\n<p>Les athl\u00e8tes de ces programmes b\u00e9n\u00e9ficieront d&#8217;un environnement quotidien d&#8217;entra\u00eenement optimis\u00e9 qui inclura de l&#8217;entra\u00eenement personnalis\u00e9 et p\u00e9riodis\u00e9, et des services de soutien int\u00e9gr\u00e9s, et ils mettront l&#8217;accent sur l&#8217;obtention de performances aux \u00e9preuves internationales. Le programme de la rel\u00e8ve (Nextgen) continuera sous la forme de programmes de l&#8217;Est et de l&#8217;Ouest, bas\u00e9s sur les pistes de SX d&#8217;Abbotsford en Colombie-Britannique, et de Toronto en Ontario.<\/p>\n<p>\u00abEn 2017, nous avons perfectionn\u00e9 et mis en place une nouvelle structure\u00bb a expliqu\u00e9 Adam Muys, entra\u00eeneur du programme national de BMX, qui poursuit : \u00abEn ce qui concerne la haute performance, 2017 a \u00e9t\u00e9 notre ann\u00e9e la plus r\u00e9ussie, avec la participation de Tory Nyhaug et de James Palmer aux principales \u00e9preuves de la Coupe du monde, et se classant tous les deux parmi les 25 premiers du classement mondial. Du c\u00f4t\u00e9 f\u00e9minin, deux de nos coureuses, Drew Mechielsen et Daina Tuchscherer, figurent parmi les 30 meilleures au monde et une de nos juniors, Avriana Hebert, s&#8217;est \u00e9galement qualifi\u00e9e pour trois des principales \u00e9preuves de la Coupe du monde parmi l\u2019\u00e9lite, alors nous sommes tr\u00e8s enthousiastes pour la saison prochaine gr\u00e2ce \u00e0 ce groupe jeune et prometteur.\u00bb<\/p>\n<p>\u00abL&#8217;an dernier a \u00e9t\u00e9 tr\u00e8s excitant, avec les Championnats du Monde \u00e0 Rock Hill, o\u00f9 nos coureurs de niveau d\u00e9veloppement ont d\u00e9montr\u00e9 qu&#8217;ils faisaient partie de l&#8217;\u00e9lite mondiale, deux d&#8217;entre eux \u00e9tant mont\u00e9s sur le podium, et trois autres atteignant le stade des demi-finales\u00bb a analys\u00e9 Brendan Arnold, entra\u00eeneur national de la rel\u00e8ve BMX de l&#8217;Est, qui ajoute : \u00abCe processus vise \u00e0 produire des athl\u00e8tes de haut niveau, et nous comprenons que nous devons \u00eatre patients et avoir une approche calcul\u00e9e si nous voulons que ces athl\u00e8tes parviennent un jour au niveau de l&#8217;\u00e9lite pour le Canada. Parmi les athl\u00e8tes de la rel\u00e8ve cette ann\u00e9e, Ben Leslie et Josh Samells, qui se sont fait tous les deux remarquer aux Championnats du Monde, passent dans les rangs de l&#8217;\u00e9lite. Dans la cat\u00e9gorie 16x, Ryan Tougas et Curtis Krey font tous les deux partie des coureurs les plus rapides au monde, et ils ont tous les deux obtenu de fantastiques r\u00e9sultats cette saison.\u00bb<\/p>\n<p>&nbsp;\u00abLes qualifications olympiques commen\u00e7ant en 2018, nous sommes confiants d&#8217;avoir le bon groupe de coureurs au sein de notre programme pour d\u00e9crocher des places de quota olympique\u00bb a comment\u00e9 Adam Muys, qui encha\u00eene : \u00abNous pensons aussi disposer de plusieurs des meilleurs athl\u00e8tes en d\u00e9veloppement de la plan\u00e8te, et nous allons continuer \u00e0 les encourager \u00e0 s&#8217;entra\u00eener fort et \u00e0 progresser gr\u00e2ce \u00e0 des opportunit\u00e9s cibl\u00e9es de d\u00e9veloppement.\u00bb<\/p>\n<p>La cohorte de 2018 se compose de :<\/p>\n<p><strong>Programme national<\/strong><br \/>\nTory Nyhaug \u2013 Coquitlam, CB<br \/>\nJames Palmer \u2013 North Vancouver, CB<br \/>\nDrew Mechielsen \u2013 Langley, CB<br \/>\nAlex Tougas \u2013 Pitt Meadows, CB<br \/>\nDaina Tuchscherer \u2013 Calgary, AB<br \/>\nGaby Melanfant \u2013 Drummondville, QC<br \/>\nAvriana Hebert \u2013 Edmonton, AB<\/p>\n<p><strong>Programme de la rel\u00e8ve (Nextgen) de l&#8217;Ouest (Abbotsford, <\/strong><strong>CB)<\/strong><br \/>\nBen Leslie \u2013 Nanaimo, CB<br \/>\nAidan Webber \u2013 Comox, CB<br \/>\nRiley Lavarato \u2013 Lethbridge, AB<br \/>\nAlison Grecht \u2013 Parksville, CB<br \/>\nRyan Tougas \u2013 Pitt Meadows,&nbsp;CB<br \/>\nNick Berarducci \u2013 Airdrie, AB<br \/>\nMolly Simpson \u2013 Red Deer, AB<br \/>\nAlex Grecht \u2013 Parksville, CB<\/p>\n<p><strong>Programme de la rel\u00e8ve (Nextgen) de l&#8217;Est (Toronto, ON)<\/strong><br \/>\nMeg Belanger \u2013 Oka, QC<br \/>\nJosh Samells \u2013 Milton, ON<br \/>\nF\u00e9lix Maltais \u2013 Drummondville, QC<br \/>\nJames Hedgcock \u2013 Ancaster, ON<br \/>\nCurtis Krey \u2013 Etobicoke, ON<br \/>\nColson Bates \u2013 Pickering, ON<br \/>\nBritney Hovencamp \u2013 Amherstview, ON<br \/>\nCole Zufelt \u2013 Trenton, ON<\/p>\n","protected":false},"featured_media":35456,"template":"","meta":{"_acf_changed":false,"advanced_seo_description":"","jetpack_seo_html_title":"","jetpack_seo_noindex":false},"sport":[82],"class_list":["post-30614","news","type-news","status-publish","has-post-thumbnail","hentry","sport-bmx-fr"],"acf":[],"jetpack_sharing_enabled":true,"_links":{"self":[{"href":"https:\/\/cyclingcanada.ca\/fr\/wp-json\/wp\/v2\/news\/30614","targetHints":{"allow":["GET"]}}],"collection":[{"href":"https:\/\/cyclingcanada.ca\/fr\/wp-json\/wp\/v2\/news"}],"about":[{"href":"https:\/\/cyclingcanada.ca\/fr\/wp-json\/wp\/v2\/types\/news"}],"wp:featuredmedia":[{"embeddable":true,"href":"https:\/\/cyclingcanada.ca\/fr\/wp-json\/wp\/v2\/media\/35456"}],"wp:attachment":[{"href":"https:\/\/cyclingcanada.ca\/fr\/wp-json\/wp\/v2\/media?parent=30614"}],"wp:term":[{"taxonomy":"sport","embeddable":true,"href":"https:\/\/cyclingcanada.ca\/fr\/wp-json\/wp\/v2\/sport?post=30614"}],"curies":[{"name":"wp","href":"https:\/\/api.w.org\/{rel}","templated":true}]}}