{"id":30937,"date":"2018-01-31T10:18:20","date_gmt":"2018-01-31T15:18:20","guid":{"rendered":"https:\/\/cyclingcanada.ca\/?post_type=news&amp;p=30937"},"modified":"2018-01-31T10:18:20","modified_gmt":"2018-01-31T15:18:20","slug":"cyclisme-canada-annonce-les-mises-a-jour-de-son-calendrier-2018","status":"publish","type":"news","link":"https:\/\/cyclingcanada.ca\/fr\/news\/cyclisme-canada-annonce-les-mises-a-jour-de-son-calendrier-2018\/","title":{"rendered":"CYCLISME CANADA ANNONCE LES MISES \u00c0 JOUR DE SON CALENDRIER 2018"},"content":{"rendered":"<p><strong>Ottawa, ON, le 31 janvier 2018<\/strong> \u2013 Pour de multiples raisons, Cyclisme Canada a apport\u00e9 des changements importants \u00e0 son calendrier de comp\u00e9titions pour la saison 2018. Les changements apport\u00e9s au calendrier domestique sont les suivants :<\/p>\n<p><u>V\u00e9lo de montagne<\/u><\/p>\n<ul>\n<li><strong>Coupe Canada de Bear Mountain (Langford, CB)<\/strong>\n<ul>\n<li>Sanction UCI r\u00e9duite de XCO C1 \u00e0 XCO C2 pour la Coupe Canada XCO<\/li>\n<li>L&#8217;\u00e9preuve UCI XCO C3 pr\u00e9vue le dimanche 1<sup>er<\/sup> avril a \u00e9t\u00e9 r\u00e9duit \u00e0 une sanction provinciale<\/li>\n<li>L&#8217;\u00e9preuve du samedi 31 mars continuera d&#8217;\u00eatre une \u00e9preuve sanctionn\u00e9e XCO C2, incluant la premi\u00e8re \u00e9tape nord-am\u00e9ricaine de la S\u00e9rie junior de l&#8217;UCI<\/li>\n<\/ul>\n<\/li>\n<\/ul>\n<ul>\n<li><strong>Coupe Canada de Baie-Saint-Paul (Baie-St-Paul, QC)<\/strong>\n<ul>\n<li>Avanc\u00e9e des 1 et 2 juin 2018 aux 20 et 21 mai 2018<\/li>\n<li>Le dimanche 20 mai, il y aura une Coupe Canada XCO sanctionn\u00e9e C1, incluant une \u00e9preuve XCO C1 de la S\u00e9rie junior de l&#8217;UCI. Le dimanche il y aura une \u00e9preuve C3 selon le format de cross-country courte piste.<\/li>\n<\/ul>\n<\/li>\n<\/ul>\n<ul>\n<li><strong>Coupe Canada V\u00e9lomotion (Mont Tremblant, QC<\/strong>\n<ul>\n<li>A \u00e9t\u00e9 ajout\u00e9e au calendrier les 26 et 27 mai 2018<\/li>\n<li>Le samedi 26 mai, il y aura une \u00e9preuve de la Coupe Canada XCO sanctionn\u00e9e C2, incluant une \u00e9preuve XCO C2 de la S\u00e9rie junior de l&#8217;UCI. Le dimanche il y aura une \u00e9preuve de la Coupe Canada de DH, sanctionn\u00e9e UCI C2.<\/li>\n<\/ul>\n<\/li>\n<\/ul>\n<p>Cyclisme Canada a \u00e9galement le plaisir d&#8217;annoncer l&#8217;ajout des cat\u00e9gories \u00abhommes experts moins de 17 ans\u00bb et \u00abfemmes expertes moins de 17 ans\u00bb comme cat\u00e9gories officielles de la Coupe Canada XC \u00e0 partir de 2018. Ces cat\u00e9gories auront leur propre classement g\u00e9n\u00e9ral de la Coupe Canada, avec attribution de maillots de leaders. La premi\u00e8re comp\u00e9tition qui inclura ces nouvelles cat\u00e9gories sera la Coupe Canada de Bear Mountain, pr\u00e9vue le 31 mars \u00e0 Victoria.<\/p>\n<p><u>BMX<\/u><\/p>\n<ul>\n<li><strong>Coupe Canada de BMX de Toronto (Toronto, ON)<\/strong>\n<ul>\n<li>Retard\u00e9e des 7 et 8 juillet 2018 aux 14 et 15 juillet 2018<\/li>\n<li>L&#8217;\u00e9preuve #2 de la Coupe Canada du samedi 14 juillet restera une \u00e9preuve sanctionn\u00e9e C1, et l&#8217;\u00e9preuve #3 de la Coupe Canada du dimanche 15 juillet sera sanctionn\u00e9e au calendrier national.<\/li>\n<\/ul>\n<\/li>\n<\/ul>\n<ul>\n<li><strong>Championnats canadiens et Coupe Canada de BMX (Drummondville, QC)<\/strong>\n<ul>\n<li>Avanc\u00e9s des 14 et 15 juillet 2018 aux 7 et 8 juillet 2018<\/li>\n<li>Les Championnats canadiens de BMX auront lieu le 7 juillet, et l&#8217;\u00e9preuve #1 de la Coupe Canada du dimanche 8 juillet sera sanctionn\u00e9e au calendrier national.<\/li>\n<\/ul>\n<\/li>\n<li><strong>Coupe Canada de BMX d&#8217;Abbotsford (Abbotsford, CB)<\/strong>\n<ul>\n<li style=\"list-style-type: none;\">\n<ul>\n<li>Il n&#8217;y aura maintenant qu&#8217;une seule \u00e9preuve UCI C1 au lieu de deux \u00e9preuves C1 au cours de la fin de semaine. La course sera selon le format d&#8217;une \u00e9preuve #4 de la Coupe Canada, sanctionn\u00e9e C1, le samedi 18 ao\u00fbt, et d&#8217;une \u00e9preuve #5 de la Coupe Canada, sanctionn\u00e9e au calendrier national, le dimanche 19 ao\u00fbt.<\/li>\n<\/ul>\n<\/li>\n<\/ul>\n<\/li>\n<\/ul>\n<p><u>Cyclo-cross<\/u><\/p>\n<ul>\n<li><strong>CX de Toronto (Toronto, ON)<\/strong>\n<ul>\n<li>\u00c0 la demande de l&#8217;UCI, l&#8217;\u00e9preuve CX de Toronto, pr\u00e9vue pour le samedi 1<sup>er<\/sup> septembre, a \u00e9t\u00e9 r\u00e9duite \u00e0 une \u00e9preuve sanctionn\u00e9e C2 de l&#8217;UCI, au lieu de la sanction originale affich\u00e9e de C1. C&#8217;est caus\u00e9 par les r\u00e8glements de l&#8217;UCI concernant les comp\u00e9titions qui en sont \u00e0 leur premi\u00e8re ann\u00e9e d&#8217;existence. La comp\u00e9tition continuera \u00e0 pr\u00e9senter deux \u00e9preuves pendant la m\u00eame fin de semaine, une deuxi\u00e8me \u00e9preuve C2 \u00e9tant organis\u00e9e le dimanche 2 septembre.<\/li>\n<\/ul>\n<\/li>\n<\/ul>\n<p><u>Route<\/u><\/p>\n<ul>\n<li><strong>Championnats canadiens <\/strong><strong>route Global Relay pr\u00e9sent\u00e9s par Lexus &#8211; \u00c9lite\/Junior\/Para (Saguenay, QC)<\/strong>\n<ul>\n<li>D\u00e9placement des Championnats canadiens route (\u00c9lite\/Junior\/Para) de Kamloops, CB, \u00e0 Saguenay, Qu\u00e9bec, du 21 au 24 juin.<\/li>\n<\/ul>\n<\/li>\n<\/ul>\n<p>\u00abComme en ce qui concerne toutes les autres saisons de courses, notre calendrier de comp\u00e9titions de 2018 a continu\u00e9 \u00e0 \u00e9voluer depuis qu&#8217;il a \u00e9t\u00e9 initialement affich\u00e9 cet automne\u00bb a d\u00e9clar\u00e9 Josh Peacock, coordonnateur des comp\u00e9titions chez Cyclisme Canada, qui poursuit : \u00abLes changements indiqu\u00e9s ci-dessus correspondent aux d\u00e9fis que nous avons \u00e0 relever, et aux opportunit\u00e9s que nous devons saisir quand nous \u00e9laborons notre calendrier canadien de courses dans un environnement de cyclisme en constante \u00e9volution. Nous aimerions remercier tous les organisateurs de courses, et les communaut\u00e9s de cyclisme, de leurs commentaires et de leur soutien constants, alors que nous mettons les touches finales \u00e0 ce qui promet d&#8217;\u00eatre une saison excitante de courses en 2018.\u00bb<\/p>\n","protected":false},"featured_media":35470,"template":"","meta":{"_acf_changed":false,"advanced_seo_description":"","jetpack_seo_html_title":"","jetpack_seo_noindex":false},"sport":[82],"class_list":["post-30937","news","type-news","status-publish","has-post-thumbnail","hentry","sport-bmx-fr"],"acf":[],"jetpack_sharing_enabled":true,"_links":{"self":[{"href":"https:\/\/cyclingcanada.ca\/fr\/wp-json\/wp\/v2\/news\/30937","targetHints":{"allow":["GET"]}}],"collection":[{"href":"https:\/\/cyclingcanada.ca\/fr\/wp-json\/wp\/v2\/news"}],"about":[{"href":"https:\/\/cyclingcanada.ca\/fr\/wp-json\/wp\/v2\/types\/news"}],"wp:featuredmedia":[{"embeddable":true,"href":"https:\/\/cyclingcanada.ca\/fr\/wp-json\/wp\/v2\/media\/35470"}],"wp:attachment":[{"href":"https:\/\/cyclingcanada.ca\/fr\/wp-json\/wp\/v2\/media?parent=30937"}],"wp:term":[{"taxonomy":"sport","embeddable":true,"href":"https:\/\/cyclingcanada.ca\/fr\/wp-json\/wp\/v2\/sport?post=30937"}],"curies":[{"name":"wp","href":"https:\/\/api.w.org\/{rel}","templated":true}]}}