{"id":31338,"date":"2018-03-08T13:00:52","date_gmt":"2018-03-08T18:00:52","guid":{"rendered":"https:\/\/cyclingcanada.ca\/?post_type=news&#038;p=31338"},"modified":"2025-05-22T13:43:32","modified_gmt":"2025-05-22T17:43:32","slug":"cyclisme-canada-annonce-le-depart-de-jacques-landry-directeur-technique","status":"publish","type":"news","link":"https:\/\/cyclingcanada.ca\/fr\/news\/cyclisme-canada-annonce-le-depart-de-jacques-landry-directeur-technique\/","title":{"rendered":"CYCLISME CANADA ANNONCE LE D\u00c9PART DE JACQUES LANDRY"},"content":{"rendered":"<p><strong>Ottawa, Ontario, le 8 mars, 2018<\/strong> \u2013Cyclisme Canada a annonc\u00e9 aujourd\u2019hui le d\u00e9part de son directeur technique Jacques Landry, qui prend effet imm\u00e9diatement.<\/p>\n<p>En faisant cette annonce, John Tolkamp, pr\u00e9sident de Cyclisme Canada, a remerci\u00e9 Landry pour neuf ann\u00e9es de solide leadership technique qui ont engendr\u00e9 des performances de podium constantes pour le Canada sur la sc\u00e8ne internationale, notamment dans le cadre de ses programmes de piste, de v\u00e9lo de montagne et de paracyclisme.<\/p>\n<p>Landry a pris la barre des programmes de haute performance de Cyclisme Canada \u00e0 l&#8217;automne 2008 et a jou\u00e9 un r\u00f4le cl\u00e9 dans la croissance et le d\u00e9veloppement de l&#8217;organisation depuis ce temps.<\/p>\n<p>La transition s\u2019annonce alors que Cyclisme Canada lance un nouveau plan strat\u00e9gique et s\u2019engage dans une mission de croissance \u00e0 long terme du cyclisme au pays, \u00e0 travers tous les niveaux et toutes les disciplines.<\/p>\n<p>\u00abJacques a \u00e9t\u00e9 un porte-parole infatigable pour le cyclisme de haute performance au Canada et ses contributions ont \u00e9t\u00e9 \u00e9normes au cours des ann\u00e9es\u00bb, a d\u00e9clar\u00e9 Pierre Lafontaine, chef de la direction de Cyclisme Canada. \u00ab Au moment de la mise en \u0153uvre d\u2019un nouveau plan ambitieux et d\u2019un changement de cap pour l\u2019organisation, c\u2019est le bon moment d\u2019examiner nos programmes de haute performance d\u2019un nouvel \u0153il et la mani\u00e8re dont ils s\u2019harmonisent et contribuent \u00e0 notre nouvelle vision. \u00bb<\/p>\n<p>\u00abJe tiens \u00e0 exprimer nos sinc\u00e8res remerciements \u00e0 Jacques pour son pr\u00e9cieux apport \u00e0 notre organisation. Il va certainement nous manquer \u00bb, a not\u00e9 John Tolkamp, pr\u00e9sident de Cyclisme Canada. \u00ab Toutefois, je suis confiant que nous pouvons compter sur une \u00e9quipe qui saura propulser nos objectifs de haute performance, ainsi que nos objectifs fondamentaux au niveau du d\u00e9veloppement du sport. C\u2019est un moment excitant pour le cyclisme au Canada et je crois en la force de notre \u00e9quipe, de notre communaut\u00e9 et de nos athl\u00e8tes qui travaillent \u00e0 l\u2019atteinte de nouveaux sommets pour notre sport.\u00bb<\/p>\n<p>Au cours de la p\u00e9riode de transition, Pierre Lafontaine assumera le leadership int\u00e9rimaire des programmes de haute performance de Cyclisme Canada jusqu\u2019\u00e0 la conclusion d\u2019un processus d\u2019examen organisationnel interne.<\/p>\n<p>Pour de plus amples renseignements, contactez :<br \/>\nMatthew Jeffries<br \/>\nDirecteur du Marketing et de Communications<br \/>\nCanada Cyclisme<br \/>\n(403) 619-0691<br \/>\n<a href=\"mailto:matthew.jeffries@cyclingcanada.ca\">matthew.jeffries@cyclingcanada.ca<\/a><\/p>\n","protected":false},"featured_media":35486,"template":"","meta":{"_acf_changed":false,"advanced_seo_description":"","jetpack_seo_html_title":"","jetpack_seo_noindex":false},"sport":[82],"class_list":["post-31338","news","type-news","status-publish","has-post-thumbnail","hentry","sport-bmx-fr"],"acf":[],"jetpack_sharing_enabled":true,"_links":{"self":[{"href":"https:\/\/cyclingcanada.ca\/fr\/wp-json\/wp\/v2\/news\/31338","targetHints":{"allow":["GET"]}}],"collection":[{"href":"https:\/\/cyclingcanada.ca\/fr\/wp-json\/wp\/v2\/news"}],"about":[{"href":"https:\/\/cyclingcanada.ca\/fr\/wp-json\/wp\/v2\/types\/news"}],"wp:featuredmedia":[{"embeddable":true,"href":"https:\/\/cyclingcanada.ca\/fr\/wp-json\/wp\/v2\/media\/35486"}],"wp:attachment":[{"href":"https:\/\/cyclingcanada.ca\/fr\/wp-json\/wp\/v2\/media?parent=31338"}],"wp:term":[{"taxonomy":"sport","embeddable":true,"href":"https:\/\/cyclingcanada.ca\/fr\/wp-json\/wp\/v2\/sport?post=31338"}],"curies":[{"name":"wp","href":"https:\/\/api.w.org\/{rel}","templated":true}]}}