{"id":31446,"date":"2018-03-28T11:11:02","date_gmt":"2018-03-28T15:11:02","guid":{"rendered":"https:\/\/cyclingcanada.ca\/?post_type=news&amp;p=31446"},"modified":"2018-03-28T11:11:02","modified_gmt":"2018-03-28T15:11:02","slug":"auto-draft-18","status":"publish","type":"news","link":"https:\/\/cyclingcanada.ca\/fr\/news\/auto-draft-18\/","title":{"rendered":"LE CANADA ANNONCE L\u2019\u00c9QUIPE QUI PARTICIPERA AUX PREMI\u00c8RES COUPE DU MONDE DE BMX"},"content":{"rendered":"<p><strong>Saint-Quentin-en-Yvelines, France<\/strong><strong>, le 28 mars 2018 <\/strong>\u2013 L\u2019\u00e9quipe de BMX canadienne d\u00e9butera la saison 2018 \u00e0 Saint-Quentin-en-Yvelines, en France, o\u00f9 les athl\u00e8tes prendront part aux deux premi\u00e8res coupes du monde de la saison. Saint-Quentin-en-Yvelines est le quartier g\u00e9n\u00e9ral de la F\u00e9d\u00e9ration Fran\u00e7aise de Cyclisme, et la piste de BMX se trouve juste \u00e0 c\u00f4t\u00e9 du v\u00e9lodrome qui a accueilli les Championnats du Monde Piste en 2015.<\/p>\n<p>Le Canada envoie seulement trois coureurs pour cette premi\u00e8re comp\u00e9tition, dont l\u2019olympien Tory Nyhaug de Coquitlam, en Colombie-Britannique. L\u2019\u00e9quipe sera compl\u00e9t\u00e9e par James Palmer (North Vancouver, CB) chez les hommes \u00e9lite et de Drew Mechielsen (Langley, CB) chez les femmes \u00e9lite.<\/p>\n<p>\u00abJ\u2019ai h\u00e2te de courir en France, je ne suis pas venu depuis bien longtemps\u00bb a soulign\u00e9 Nyhaug. \u00abL\u2019atmosph\u00e8re ici est toujours tr\u00e8s bonne et il y a toujours beaucoup de partisans. Je suis pr\u00eat \u00e0 d\u00e9buter la saison!\u00bb<\/p>\n<p>\u00abJe suis excit\u00e9 de commencer la saison et j\u2019ai h\u00e2te de voir comment notre pr\u00e9paration hors-saison nous a permis de nous am\u00e9liorer. C\u2019est une piste assez nouvelle, et on peut s\u2019attendre \u00e0 des courses tr\u00e8s excitantes\u00bb a comment\u00e9 Adam Muys, entra\u00eeneur national de BMX.<\/p>\n","protected":false},"featured_media":35494,"template":"","meta":{"_acf_changed":false,"advanced_seo_description":"","jetpack_seo_html_title":"","jetpack_seo_noindex":false},"sport":[82],"class_list":["post-31446","news","type-news","status-publish","has-post-thumbnail","hentry","sport-bmx-fr"],"acf":[],"jetpack_sharing_enabled":true,"_links":{"self":[{"href":"https:\/\/cyclingcanada.ca\/fr\/wp-json\/wp\/v2\/news\/31446","targetHints":{"allow":["GET"]}}],"collection":[{"href":"https:\/\/cyclingcanada.ca\/fr\/wp-json\/wp\/v2\/news"}],"about":[{"href":"https:\/\/cyclingcanada.ca\/fr\/wp-json\/wp\/v2\/types\/news"}],"wp:featuredmedia":[{"embeddable":true,"href":"https:\/\/cyclingcanada.ca\/fr\/wp-json\/wp\/v2\/media\/35494"}],"wp:attachment":[{"href":"https:\/\/cyclingcanada.ca\/fr\/wp-json\/wp\/v2\/media?parent=31446"}],"wp:term":[{"taxonomy":"sport","embeddable":true,"href":"https:\/\/cyclingcanada.ca\/fr\/wp-json\/wp\/v2\/sport?post=31446"}],"curies":[{"name":"wp","href":"https:\/\/api.w.org\/{rel}","templated":true}]}}