{"id":31485,"date":"2018-04-03T11:42:44","date_gmt":"2018-04-03T15:42:44","guid":{"rendered":"https:\/\/cyclingcanada.ca\/?post_type=news&amp;p=31485"},"modified":"2018-04-03T11:42:44","modified_gmt":"2018-04-03T15:42:44","slug":"drew-mechielsen-termine-8e-a-la-premiere-coupe-du-monde-de-bmx","status":"publish","type":"news","link":"https:\/\/cyclingcanada.ca\/fr\/news\/drew-mechielsen-termine-8e-a-la-premiere-coupe-du-monde-de-bmx\/","title":{"rendered":"DREW MECHIELSEN TERMINE 8E \u00c0 LA PREMI\u00c8RE COUPE DU MONDE DE BMX"},"content":{"rendered":"<p><strong>Saint-Quentin-en-Yvelines, France<\/strong><strong>, le 3 avril 2018 <\/strong>\u2013 L&#8217;\u00e9quipe canadienne de BMX a amorc\u00e9 sa saison 2018 en participant le 31 mars et le 1<sup>er<\/sup> avril aux deux premi\u00e8res \u00e9tapes de la Coupe du monde de BMX, qui ont eu lieu \u00e0 Saint-Quentin-en-Yvelines, en France, \u00e0 moins d&#8217;une heure de Paris.<\/p>\n<p>Drew Mechielsen, de Langley, CB, a obtenu le meilleur r\u00e9sultat du Canada en fin de semaine, atteignant samedi la finale f\u00e9minine de la premi\u00e8re \u00e9preuve, et se classant finalement huiti\u00e8me de la comp\u00e9tition. Dimanche, lors du deuxi\u00e8me tour, elle a pris la 28<sup>e<\/sup> place apr\u00e8s avoir subi une chute en quart de finale.<\/p>\n<p>\u00abApr\u00e8s une dure intersaison d&#8217;entra\u00eenement, cela fait du bien de voir que notre travail acharn\u00e9 a produit des r\u00e9sultats et que cela m&#8217;a permis d&#8217;atteindre la finale\u00bb a d\u00e9clar\u00e9 Mechielsen.<\/p>\n<p>Du c\u00f4t\u00e9 masculin, les r\u00e9sultats n&#8217;ont pas \u00e9t\u00e9 aussi bons, alors que ni Tory Nyhaug, de Coquitlam, CB, ni James Palmer de North Vancouver, CB, n&#8217;ont pu r\u00e9ussir \u00e0 franchir le cap des quarts de finale. Nyhaug n&#8217;a pas couru samedi \u00e0 cause d&#8217;une blessure au dos subie \u00e0 l&#8217;entra\u00eenement. Il a finalement pu revenir en piste dimanche, manquant de tr\u00e8s peu la qualification pour la demi-finale, et terminant \u00e0 la 19<sup>e<\/sup> place du classement g\u00e9n\u00e9ral de l&#8217;\u00e9preuve. De son c\u00f4t\u00e9, Palmer s&#8217;est qualifi\u00e9 pour les quarts de finale les deux jours, se classant 23<sup>e<\/sup> samedi et 24<sup>e<\/sup> dimanche.<\/p>\n<p>\u00ab\u00c7a a \u00e9t\u00e9 une fin de semaine difficile, apr\u00e8s ma blessure subie vendredi\u00bb a admis Nyhaug, qui poursuit : \u00abNous avons fait tout ce que nous avons pu pour que je puisse courir samedi, mais apr\u00e8s avoir essay\u00e9 de m&#8217;entra\u00eener, on a conclu que c&#8217;\u00e9tait impossible que je coure. Gr\u00e2ce au personnel de soutien, j&#8217;ai pu m&#8217;aligner au d\u00e9part dimanche, et j&#8217;ai fait de mon mieux \u00e9tant donn\u00e9 les circonstances. Une fois rentr\u00e9 \u00e0 la maison, je continuerai les traitements pour \u00eatre pr\u00eat pour Papendal [\u00e9preuves 3 et 4].\u00bb<\/p>\n<p>James Palmer \u00e9tait satisfait des am\u00e9liorations qu&#8217;il a r\u00e9alis\u00e9es gr\u00e2ce \u00e0 son travail hivernal : \u00abApr\u00e8s une longue intersaison pass\u00e9e \u00e0 travailler plusieurs de nos faiblesses et \u00e0 nous pr\u00e9parer pour l&#8217;ann\u00e9e \u00e0 venir, c&#8217;\u00e9tait bien de pouvoir finalement lancer notre saison de Coupe du monde en France cette fin de semaine! Pendant l&#8217;intersaison, j&#8217;ai beaucoup travaill\u00e9 mes d\u00e9parts et mon acc\u00e9l\u00e9ration en descente, alors c&#8217;est tr\u00e8s gratifiant pour moi d&#8217;avoir pu arriver en course et d&#8217;avoir r\u00e9ussi plusieurs de mes d\u00e9parts les plus rapides et les plus constants, pendant une fin de semaine de Coupe du monde. Je n&#8217;ai pas r\u00e9ussi \u00e0 me qualifier pour les demi-finales \u00e0 cause de plusieurs mauvais choix de trajectoire et d&#8217;une glissade dans le portillon de d\u00e9part lors de la deuxi\u00e8me journ\u00e9e, mais nous sommes sur le bon chemin gr\u00e2ce au travail r\u00e9alis\u00e9 au cours des derniers mois. Je suis vraiment enthousiaste pour la suite de la saison!\u00bb<\/p>\n<p>Adam Muys, entra\u00eeneur du programme national de BMX de Cyclisme Canada a d\u00e9clar\u00e9 : \u00abNous avons pass\u00e9 beaucoup de temps \u00e0 travailler nos d\u00e9parts pendant l&#8217;intersaison, alors c&#8217;\u00e9tait vraiment bien de constater que ce travail avait pay\u00e9 lors des courses. Drew [Mechielsen] est sortie comme une bombe du portillon de d\u00e9part et elle a rivalis\u00e9 avec les meilleures du monde dans la premi\u00e8re ligne droite. Elle a bien m\u00e9rit\u00e9 sa place en demi-finale chez les femmes.\u00bb<\/p>\n","protected":false},"featured_media":35494,"template":"","meta":{"_acf_changed":false,"advanced_seo_description":"","jetpack_seo_html_title":"","jetpack_seo_noindex":false},"sport":[82],"class_list":["post-31485","news","type-news","status-publish","has-post-thumbnail","hentry","sport-bmx-fr"],"acf":[],"jetpack_sharing_enabled":true,"_links":{"self":[{"href":"https:\/\/cyclingcanada.ca\/fr\/wp-json\/wp\/v2\/news\/31485","targetHints":{"allow":["GET"]}}],"collection":[{"href":"https:\/\/cyclingcanada.ca\/fr\/wp-json\/wp\/v2\/news"}],"about":[{"href":"https:\/\/cyclingcanada.ca\/fr\/wp-json\/wp\/v2\/types\/news"}],"wp:featuredmedia":[{"embeddable":true,"href":"https:\/\/cyclingcanada.ca\/fr\/wp-json\/wp\/v2\/media\/35494"}],"wp:attachment":[{"href":"https:\/\/cyclingcanada.ca\/fr\/wp-json\/wp\/v2\/media?parent=31485"}],"wp:term":[{"taxonomy":"sport","embeddable":true,"href":"https:\/\/cyclingcanada.ca\/fr\/wp-json\/wp\/v2\/sport?post=31485"}],"curies":[{"name":"wp","href":"https:\/\/api.w.org\/{rel}","templated":true}]}}