{"id":31677,"date":"2018-05-03T13:17:58","date_gmt":"2018-05-03T17:17:58","guid":{"rendered":"https:\/\/cyclingcanada.ca\/?post_type=news&amp;p=31677"},"modified":"2018-05-03T13:17:58","modified_gmt":"2018-05-03T17:17:58","slug":"quatre-coupes-du-monde-pour-lequipe-canadienne-de-bmx","status":"publish","type":"news","link":"https:\/\/cyclingcanada.ca\/fr\/news\/quatre-coupes-du-monde-pour-lequipe-canadienne-de-bmx\/","title":{"rendered":"QUATRE COUPES DU MONDE POUR L\u2019\u00c9QUIPE CANADIENNE DE BMX"},"content":{"rendered":"<p><strong>Papendal, Pays-Bas<\/strong><strong>, le 3 mai, 2018 <\/strong>\u2013 Une \u00e9quipe de huit coureurs de BMX a repr\u00e9sent\u00e9 le Canada en Europe depuis trois semaines, avec comme points culminants du projet les quatre \u00e9preuves de la Coupe du monde de BMX qui auront lieu les deux prochaines fins de semaine aux Pays-Bas et en Belgique.<\/p>\n<p>Des membres de l&#8217;\u00e9quipe de la rel\u00e8ve (Nextgen) ont pris part, sous la houlette de l&#8217;entra\u00eeneur national de la rel\u00e8ve, Brendan Arnold, \u00e0 des \u00e9preuves de la Coupe des nations et de la Coupe d&#8217;Europe, en Allemagne et aux Pays-Bas.<\/p>\n<p>\u00abCette tourn\u00e9e a constitu\u00e9 une excellente occasion pour nos coureurs de la rel\u00e8ve de se mesurer aux meilleurs coureurs du monde\u00bb a analys\u00e9 Arnold, qui ajoute : \u00abEn BMX, il n&#8217;y a pas de cat\u00e9gorie des moins de 23 ans, alors m\u00eame si la comp\u00e9tition est f\u00e9roce, les coureurs se sont vite rendu compte que, d\u00e8s que le portillon est abaiss\u00e9, tout peut arriver et qu&#8217;ils doivent profiter de toutes les occasions qui s&#8217;offrent \u00e0 eux pour s&#8217;immiscer dans la course. \u00c7a a vraiment \u00e9t\u00e9 une excellente opportunit\u00e9 pour eux. Parfois on apprend plus dans la d\u00e9faite que dans la victoire.\u00bb<\/p>\n<p>Daina Tuchscherer et Alex Tougas se sont rendus jusqu&#8217;en finale aux trois Coupes des nations, alors que Drew Mechielsen s\u2019est class\u00e9e pour la finale \u00e0 la Coupe d\u2019Europe \u00e0 Kampen. Tory Nyhaug et James Palmer se joindront \u00e0 l\u2019\u00e9quipe pour les \u00e9preuves de la Coupe du monde qui commencent en fin de semaine \u00e0 Papendal, aux Pays-Bas, et qui se poursuivent la fin de semaine suivante \u00e0 Zolder, en Belgique.<\/p>\n<p>\u00abL&#8217;\u00e9quipe canadienne de BMX est en Europe depuis trois semaines\u00bb a d\u00e9clar\u00e9 Adam Muys, l&#8217;entra\u00eeneur national de BMX, qui poursuit : \u00abCette tourn\u00e9e s&#8217;est av\u00e9r\u00e9e tr\u00e8s productive, alors que Alex Tougas, Daina Tuchscherer et Drew Mechielsen se sont qualifi\u00e9s pour les finales des trois Coupes des nations en Allemagne, et de la Coupe d&#8217;Europe aux Pays-Bas. Nos porte-couleurs sont enthousiastes \u00e0 l&#8217;id\u00e9e de courir \u00e0 l&#8217;\u00e9preuve de Coupe du monde de Papendal, et nous esp\u00e9rons avoir d&#8217;excellences performances en fin de semaine.\u00bb<\/p>\n<p><strong>Femmes \u00e9lite<\/strong><br \/>\nDrew Mechielsen &#8211; Langley, CB<br \/>\nDaina Tuchscherer &#8211; Chestermere, Alberta<\/p>\n<p><strong>Hommes \u00e9lite<\/strong><br \/>\nGaby Malenfant &#8211; Drummondville, Qu\u00e9bec<br \/>\nTory Nyhaug &#8211; Coquitlam, CB<br \/>\nJames Palmer &#8211; North Vancouver, CB<br \/>\nJosh Samells &#8211; Milton, Ontario<br \/>\nAlex Tougas &#8211; Pitt Meadows, CB<\/p>\n<p><strong>Hommes juniors<\/strong><br \/>\nAidan Weber &#8211; Comox, CB<\/p>\n","protected":false},"featured_media":35509,"template":"","meta":{"_acf_changed":false,"advanced_seo_description":"","jetpack_seo_html_title":"","jetpack_seo_noindex":false},"sport":[82],"class_list":["post-31677","news","type-news","status-publish","has-post-thumbnail","hentry","sport-bmx-fr"],"acf":[],"jetpack_sharing_enabled":true,"_links":{"self":[{"href":"https:\/\/cyclingcanada.ca\/fr\/wp-json\/wp\/v2\/news\/31677","targetHints":{"allow":["GET"]}}],"collection":[{"href":"https:\/\/cyclingcanada.ca\/fr\/wp-json\/wp\/v2\/news"}],"about":[{"href":"https:\/\/cyclingcanada.ca\/fr\/wp-json\/wp\/v2\/types\/news"}],"wp:featuredmedia":[{"embeddable":true,"href":"https:\/\/cyclingcanada.ca\/fr\/wp-json\/wp\/v2\/media\/35509"}],"wp:attachment":[{"href":"https:\/\/cyclingcanada.ca\/fr\/wp-json\/wp\/v2\/media?parent=31677"}],"wp:term":[{"taxonomy":"sport","embeddable":true,"href":"https:\/\/cyclingcanada.ca\/fr\/wp-json\/wp\/v2\/sport?post=31677"}],"curies":[{"name":"wp","href":"https:\/\/api.w.org\/{rel}","templated":true}]}}