{"id":31972,"date":"2018-05-24T14:58:19","date_gmt":"2018-05-24T18:58:19","guid":{"rendered":"https:\/\/cyclingcanada.ca\/?post_type=news&amp;p=31972"},"modified":"2018-05-24T14:58:19","modified_gmt":"2018-05-24T18:58:19","slug":"cyclisme-canada-annonce-son-equipe-pour-les-championnats-du-monde-de-bmx-de-2018","status":"publish","type":"news","link":"https:\/\/cyclingcanada.ca\/fr\/news\/cyclisme-canada-annonce-son-equipe-pour-les-championnats-du-monde-de-bmx-de-2018\/","title":{"rendered":"CYCLISME CANADA ANNONCE SON \u00c9QUIPE POUR LES CHAMPIONNATS DU MONDE DE BMX DE 2018"},"content":{"rendered":"<p><strong>Baku, <\/strong><strong>Azerba\u00efdjan<\/strong><a href=\"https:\/\/fr.wikipedia.org\/wiki\/Azerba%C3%AFdjan\"><strong><\/strong><\/a><strong>, le 24 mai, 2018 <\/strong>\u2013 Cyclisme Canada a le plaisir d&#8217;annoncer la composition de l&#8217;\u00e9quipe qui va repr\u00e9senter le Canada aux Championnats du Monde de BMX de 2018 qui auront lieu du 1<sup>er<\/sup> au 9 juin \u00e0 Baku, en Azerba\u00efdjan. Douze coureurs porteront les couleurs du Canada dans les cat\u00e9gories \u00e9lite et junior, et six coureurs ont \u00e9t\u00e9 s\u00e9lectionn\u00e9s dans les cat\u00e9gories Challenge, dans le cadre du programme de la rel\u00e8ve (Nextgen). Plusieurs autres athl\u00e8tes se joindront \u00e0 l&#8217;\u00e9quipe canadienne dans les cat\u00e9gories Challenge.<\/p>\n<p>Adam Muys, entra\u00eeneur du programme national de BMX a d\u00e9clar\u00e9 : \u00abNous amenons une tr\u00e8s forte \u00e9quipe aux Championnats du Monde de 2018, car nos coureurs de la cat\u00e9gorie \u00e9lite peuvent tous se rendre jusqu&#8217;en finale. L&#8217;\u00e9quipe est emmen\u00e9e par Tory Nyhaug et Drew Michielsen, mais Alex Tougas, James Palmer et Daina Tuschsherer ont d\u00e9montr\u00e9 au cours des douze derniers mois qu&#8217;ils sont \u00e9galement capables d&#8217;atteindre les demi-finales au niveau mondial, alors tout peut arriver une fois que le portillon de d\u00e9part s&#8217;abaisse.\u00bb<\/p>\n<p>Brendan Arnold, entra\u00eeneur national de la rel\u00e8ve ajoute : \u00abDeux coureurs figurant parmi les trois meilleurs du monde font partie de l&#8217;\u00e9quipe s\u00e9lectionn\u00e9e pour les \u00e9preuves Challenge, et deux autres ont r\u00e9ussi \u00e0 atteindre les demi-finales aux Championnats du Monde de 2017. Ce d\u00e9placement sera donc une excellente occasion de d\u00e9veloppement pour nos coureurs, \u00e9tant donn\u00e9 que cinq des six athl\u00e8tes s\u00e9lectionn\u00e9s passeront \u00e0 la cat\u00e9gorie junior en 2019.\u00bb<\/p>\n<p><u>\u00c9quipe de BMX nationale \u2013 \u00e9lite et junior<\/u><\/p>\n<p><strong>Hommes \u00e9lite<\/strong><br \/>\nTory Nyhaug &#8211; Coquitlam, CB<br \/>\nJames Palmer &#8211; North Vancouver, CB<br \/>\nAlex Tougas &#8211; Pitt Meadows, CB<br \/>\nGaby Malenfant &#8211; Drummondville, QC<br \/>\nJosh Samells &#8211; Milton, ON<br \/>\nBen Leslie &#8211; Nanaimo, CB<\/p>\n<p><strong>Femmes \u00e9lite <\/strong><br \/>\nDrew Mechielsen &#8211; Langley, CB<br \/>\nDaina Tuchscherer &#8211; Calgary, AB<\/p>\n<p><strong>Femmes junior<\/strong><br \/>\nAvriana Hebert -Edmonton, AB<\/p>\n<p><strong>Hommes junior<\/strong><br \/>\nAidan Webber &#8211; Comox, CB<br \/>\nF\u00e9lix Maltais &#8211; Drummondville, QC<br \/>\nJames Hedgcock &#8211; Ancaster, ON<\/p>\n<p><u>S\u00e9lection \u00e9quipe challenge (NextGen)<\/u><\/p>\n<p>Ryan Tougas &#8211; Pitt Meadows, CB<br \/>\nNick Berarducci &#8211; Airdrie, AB<br \/>\nMolly Simpson &#8211; Red Deer, AB<br \/>\nCurtis Krey &#8211; Etobicoke, ON<br \/>\nBritney Hovencamp &#8211; Amherstview, ON<br \/>\nCole Zufelt &#8211; Trenton, ON<\/p>\n","protected":false},"featured_media":35517,"template":"","meta":{"_acf_changed":false,"advanced_seo_description":"","jetpack_seo_html_title":"","jetpack_seo_noindex":false},"sport":[82],"class_list":["post-31972","news","type-news","status-publish","has-post-thumbnail","hentry","sport-bmx-fr"],"acf":[],"jetpack_sharing_enabled":true,"_links":{"self":[{"href":"https:\/\/cyclingcanada.ca\/fr\/wp-json\/wp\/v2\/news\/31972","targetHints":{"allow":["GET"]}}],"collection":[{"href":"https:\/\/cyclingcanada.ca\/fr\/wp-json\/wp\/v2\/news"}],"about":[{"href":"https:\/\/cyclingcanada.ca\/fr\/wp-json\/wp\/v2\/types\/news"}],"wp:featuredmedia":[{"embeddable":true,"href":"https:\/\/cyclingcanada.ca\/fr\/wp-json\/wp\/v2\/media\/35517"}],"wp:attachment":[{"href":"https:\/\/cyclingcanada.ca\/fr\/wp-json\/wp\/v2\/media?parent=31972"}],"wp:term":[{"taxonomy":"sport","embeddable":true,"href":"https:\/\/cyclingcanada.ca\/fr\/wp-json\/wp\/v2\/sport?post=31972"}],"curies":[{"name":"wp","href":"https:\/\/api.w.org\/{rel}","templated":true}]}}