{"id":32140,"date":"2018-06-11T13:46:55","date_gmt":"2018-06-11T17:46:55","guid":{"rendered":"https:\/\/cyclingcanada.ca\/?post_type=news&amp;p=32140"},"modified":"2018-06-11T13:46:55","modified_gmt":"2018-06-11T17:46:55","slug":"hebert-accede-a-la-finale-aux-championnats-du-monde-de-bmx","status":"publish","type":"news","link":"https:\/\/cyclingcanada.ca\/fr\/news\/hebert-accede-a-la-finale-aux-championnats-du-monde-de-bmx\/","title":{"rendered":"HEBERT ACC\u00c8DE \u00c0 LA FINALE AUX CHAMPIONNATS DU MONDE DE BMX"},"content":{"rendered":"<p><strong>Baku, <\/strong><strong>Azerba\u00efdjan<\/strong><strong>, le 11 juin 2018 <\/strong>\u2013 Avriana Hebert a eu le meilleur r\u00e9sultat canadien aux Championnats du monde de BMX \u00e0 Baku, en Azerba\u00efdjan, terminant 8<sup>e<\/sup> chez les femmes junior. Dans la cat\u00e9gorie amateur \u00abChallenge\u00bb, le Canadien Cole Zufelt a termin\u00e9 3<sup>e<\/sup> chez les hommes de 15-16 ans.<\/p>\n<p>Vendredi, de forts vents ont pouss\u00e9 les organisateurs \u00e0 revoir l\u2019horaire et \u00e0 programmer les rondes pr\u00e9liminaires et les finales pour les coureurs \u00e9lite et junior lors du samedi.<\/p>\n<p>Hebert, originaire d\u2019Edmonton, en Alberta, a manqu\u00e9 les deux mois de comp\u00e9tition pr\u00e9c\u00e9dant ces Championnats, mais elle s\u2019est battue et a r\u00e9ussi \u00e0 se classer en finale. Elle \u00e9tait premi\u00e8re jusqu\u2019au dernier coin, o\u00f9 elle s\u2019est fait prendre dans un chute. &nbsp;<\/p>\n<p>\u00abJe suis vraiment contente de m\u2019\u00eatre rendue en finale et j\u2019aimerais remercier toute l\u2019\u00e9quipe m\u00e9dicale qui m\u2019a aid\u00e9 \u00e0 me rendre ici!\u00bb a soulign\u00e9 Hebert.<\/p>\n<p>Dans les autres comp\u00e9titions, Daina Tuchscherer (Calgary, AB) s\u2019est qualifi\u00e9e chez les femmes \u00e9lite, mais son chemin s\u2019est arr\u00eat\u00e9 en quart de finale. Chez les hommes \u00e9lite, Tory Nyhaug (Coquitlam, CB) et James Palmer (North Vancouver, CB) se sont rendus en huiti\u00e8mes de finale.<\/p>\n<p>\u00abNous avions un tr\u00e8s bon groupe d\u2019athl\u00e8tes ici\u00bb a comment\u00e9 Adam Muys, entra\u00eeneur national de BMX. \u00abNous avons eu de tr\u00e8s bonnes courses, mais aussi plusieurs chutes qui ont affect\u00e9 nos r\u00e9sultats. Je suis vraiment satisfait de la performance d\u2019Avriana. Elle revient d\u2019une blessure et elle menait lors de la finale. Je suis confiant qu\u2019elle sera tr\u00e8s bonne dans le futur.<\/p>\n","protected":false},"featured_media":35528,"template":"","meta":{"_acf_changed":false,"advanced_seo_description":"","jetpack_seo_html_title":"","jetpack_seo_noindex":false},"sport":[82],"class_list":["post-32140","news","type-news","status-publish","has-post-thumbnail","hentry","sport-bmx-fr"],"acf":[],"jetpack_sharing_enabled":true,"_links":{"self":[{"href":"https:\/\/cyclingcanada.ca\/fr\/wp-json\/wp\/v2\/news\/32140","targetHints":{"allow":["GET"]}}],"collection":[{"href":"https:\/\/cyclingcanada.ca\/fr\/wp-json\/wp\/v2\/news"}],"about":[{"href":"https:\/\/cyclingcanada.ca\/fr\/wp-json\/wp\/v2\/types\/news"}],"wp:featuredmedia":[{"embeddable":true,"href":"https:\/\/cyclingcanada.ca\/fr\/wp-json\/wp\/v2\/media\/35528"}],"wp:attachment":[{"href":"https:\/\/cyclingcanada.ca\/fr\/wp-json\/wp\/v2\/media?parent=32140"}],"wp:term":[{"taxonomy":"sport","embeddable":true,"href":"https:\/\/cyclingcanada.ca\/fr\/wp-json\/wp\/v2\/sport?post=32140"}],"curies":[{"name":"wp","href":"https:\/\/api.w.org\/{rel}","templated":true}]}}