{"id":32931,"date":"2018-09-11T10:38:53","date_gmt":"2018-09-11T14:38:53","guid":{"rendered":"https:\/\/cyclingcanada.ca\/?post_type=news&amp;p=32931"},"modified":"2018-09-11T10:38:53","modified_gmt":"2018-09-11T14:38:53","slug":"le-vote-des-fans-pour-levenement-de-lannee-est-ouvert","status":"publish","type":"news","link":"https:\/\/cyclingcanada.ca\/fr\/news\/le-vote-des-fans-pour-levenement-de-lannee-est-ouvert\/","title":{"rendered":"LE VOTE DES FANS POUR L\u2019\u00c9V\u00c9NEMENT DE L\u2019ANN\u00c9E EST OUVERT"},"content":{"rendered":"<p><strong>Ottawa, ON <\/strong><strong>(le 11 septembre 2018) <\/strong>\u2013 Suite \u00e0 une autre saison d\u2019\u00e9v\u00e9nements couronn\u00e9e de succ\u00e8s, Cyclisme Canada invite tous les amateurs de cyclisme \u00e0 voter en ligne au cours des prochaines semaines pour d\u00e9terminer les \u00e9v\u00e9nements de l\u2019ann\u00e9e 2018. Le vote des fans comptera pour 50% du vote final afin de d\u00e9terminer quels ont \u00e9t\u00e9 les meilleurs \u00e9v\u00e9nements de l\u2019ann\u00e9e au niveau de la route, de la piste, du v\u00e9lo de montagne, du BMX, du paracyclisme et du cyclo-cross.&nbsp;<\/p>\n<p>L\u2019\u00e9v\u00e9nement de l\u2019ann\u00e9e 2018 sera d\u00e9termin\u00e9 par une proportion \u00e9gale du vote du public (ce sondage) et l\u2019\u00e9valuation des crit\u00e8res suivants par les employ\u00e9s de Cyclisme Canada et les comit\u00e9s concern\u00e9s:<\/p>\n<ul>\n<li>Communication avec les intervenants<\/li>\n<li>Promotion de l\u2019\u00e9v\u00e9nement<\/li>\n<li>Pr\u00e9sentation et ex\u00e9cution de l\u2019\u00e9v\u00e9nement<\/li>\n<li>Organisation et planification<\/li>\n<\/ul>\n<p>Cyclisme Canada aimerait remercier tous les organisateurs et b\u00e9n\u00e9voles avec qui nous avons collabor\u00e9, qui ont grandement contribu\u00e9 au succ\u00e8s de ces \u00e9v\u00e9nements tout au long de la saison.<\/p>\n<p>Le sondage sera en ligne jusqu\u2019au&nbsp;<strong>30 septembre&nbsp;<\/strong>\u00e0 11h59 EST. Cyclisme Canada annoncera les laur\u00e9ats lors de son congr\u00e8s annuel qui se d\u00e9roulera \u00e0 Ottawa du 12 au 14 octobre.<\/p>\n<p><a href=\"https:\/\/www.surveymonkey.com\/r\/DD2TS9N\"><strong>Cliquez ici<\/strong><\/a> pour acc\u00e9der au sondage.&nbsp;<\/p>\n","protected":false},"featured_media":35537,"template":"","meta":{"_acf_changed":false,"advanced_seo_description":"","jetpack_seo_html_title":"","jetpack_seo_noindex":false},"sport":[82],"class_list":["post-32931","news","type-news","status-publish","has-post-thumbnail","hentry","sport-bmx-fr"],"acf":[],"jetpack_sharing_enabled":true,"_links":{"self":[{"href":"https:\/\/cyclingcanada.ca\/fr\/wp-json\/wp\/v2\/news\/32931","targetHints":{"allow":["GET"]}}],"collection":[{"href":"https:\/\/cyclingcanada.ca\/fr\/wp-json\/wp\/v2\/news"}],"about":[{"href":"https:\/\/cyclingcanada.ca\/fr\/wp-json\/wp\/v2\/types\/news"}],"wp:featuredmedia":[{"embeddable":true,"href":"https:\/\/cyclingcanada.ca\/fr\/wp-json\/wp\/v2\/media\/35537"}],"wp:attachment":[{"href":"https:\/\/cyclingcanada.ca\/fr\/wp-json\/wp\/v2\/media?parent=32931"}],"wp:term":[{"taxonomy":"sport","embeddable":true,"href":"https:\/\/cyclingcanada.ca\/fr\/wp-json\/wp\/v2\/sport?post=32931"}],"curies":[{"name":"wp","href":"https:\/\/api.w.org\/{rel}","templated":true}]}}