{"id":32989,"date":"2018-09-20T10:06:27","date_gmt":"2018-09-20T14:06:27","guid":{"rendered":"https:\/\/cyclingcanada.ca\/?post_type=news&amp;p=32989"},"modified":"2018-09-20T10:06:27","modified_gmt":"2018-09-20T14:06:27","slug":"cyclisme-canada-envoie-cinq-coureurs-aux-coupes-du-monde-finales-de-bmx","status":"publish","type":"news","link":"https:\/\/cyclingcanada.ca\/fr\/news\/cyclisme-canada-envoie-cinq-coureurs-aux-coupes-du-monde-finales-de-bmx\/","title":{"rendered":"CYCLISME CANADA ENVOIE CINQ COUREURS AUX COUPES DU MONDE FINALES DE BMX"},"content":{"rendered":"<p><strong>Santiago del Estero, Argentine <\/strong><strong>(le 20 septembre 2018) <\/strong>\u2013 Cyclisme Canada a d\u00e9voil\u00e9 l\u2019\u00e9quipe de cinq athl\u00e8tes qui repr\u00e9senteront le Canada aux deux derni\u00e8res coupes du monde de la saison 2018, \u00e0 Santiago del Estero, en Argentine. Les comp\u00e9titions se d\u00e9rouleront du samedi 29 septembre au dimanche 30 septembre.<\/p>\n<p>\u00abLa p\u00e9riode de qualification olympique est entam\u00e9e et on veut d\u00e9buter en force avec les coupes du monde \u00e0 Santiago del Estero\u00bb a soulign\u00e9 l\u2019entra\u00eeneur national de BMX, Adam Muys. \u00abCe fut une saison de croissance et nos athl\u00e8tes ont intensifi\u00e9 leurs efforts et seront pr\u00eats \u00e0 se qualifier pour les finales. Nos cinq athl\u00e8tes ont les habilet\u00e9s et la vitesse n\u00e9cessaire et je suis vraiment excit\u00e9 de voir ce qu&#8217;ils peuvent faire.\u00bb<\/p>\n<p>L\u2019\u00e9quipe est compos\u00e9e des femmes \u00e9lite Drew Mechielsen et Daina Tuchscherer, des hommes \u00e9lite James Palmer et Alex Tougas, ainsi que d\u2019Avriana Hebert chez les femmes junior.<\/p>\n<p>Avriana Hebert &#8211; Edmonton, AB<br \/>\nDrew Mechielsen &#8211; Langley, BCB<br \/>\nJames Palmer &#8211; North Vancouver, CB<br \/>\nAlex Tougas &#8211; Pitt Meadows, CB<br \/>\nDaina Tuchscherer &#8211; Chestermere, AB<\/p>\n","protected":false},"featured_media":35517,"template":"","meta":{"_acf_changed":false,"advanced_seo_description":"","jetpack_seo_html_title":"","jetpack_seo_noindex":false},"sport":[82],"class_list":["post-32989","news","type-news","status-publish","has-post-thumbnail","hentry","sport-bmx-fr"],"acf":[],"jetpack_sharing_enabled":true,"_links":{"self":[{"href":"https:\/\/cyclingcanada.ca\/fr\/wp-json\/wp\/v2\/news\/32989","targetHints":{"allow":["GET"]}}],"collection":[{"href":"https:\/\/cyclingcanada.ca\/fr\/wp-json\/wp\/v2\/news"}],"about":[{"href":"https:\/\/cyclingcanada.ca\/fr\/wp-json\/wp\/v2\/types\/news"}],"wp:featuredmedia":[{"embeddable":true,"href":"https:\/\/cyclingcanada.ca\/fr\/wp-json\/wp\/v2\/media\/35517"}],"wp:attachment":[{"href":"https:\/\/cyclingcanada.ca\/fr\/wp-json\/wp\/v2\/media?parent=32989"}],"wp:term":[{"taxonomy":"sport","embeddable":true,"href":"https:\/\/cyclingcanada.ca\/fr\/wp-json\/wp\/v2\/sport?post=32989"}],"curies":[{"name":"wp","href":"https:\/\/api.w.org\/{rel}","templated":true}]}}