{"id":33081,"date":"2018-10-01T11:55:17","date_gmt":"2018-10-01T15:55:17","guid":{"rendered":"https:\/\/cyclingcanada.ca\/?post_type=news&amp;p=33081"},"modified":"2018-10-01T11:55:17","modified_gmt":"2018-10-01T15:55:17","slug":"mechielsen-termine-la-coupe-du-monde-de-bmx-classee-8e","status":"publish","type":"news","link":"https:\/\/cyclingcanada.ca\/fr\/news\/mechielsen-termine-la-coupe-du-monde-de-bmx-classee-8e\/","title":{"rendered":"MECHIELSEN TERMINE LA COUPE DU MONDE DE BMX CLASS\u00c9E 8E"},"content":{"rendered":"<p><strong>Santiago del Estero, Argentine <\/strong><strong>(le 1<sup>er<\/sup> octobre 2018) <\/strong>\u2013 Drew Mechielsen, de Langley, en Colombie-Britannique, a termin\u00e9 la saison de la Coupe du monde de BMX avec une neuvi\u00e8me place \u00e0 Santiago del Estero, en Argentine, samedi chez les femmes \u00e9lites. Le r\u00e9sultat de Mechielsen, combin\u00e9 au 11<sup>e<\/sup> dimanche, lui a valu la huiti\u00e8me place au classement g\u00e9n\u00e9ral de la s\u00e9rie. Avriana Hebert, d&#8217;Edmonton, en Alberta, s&#8217;est qualifi\u00e9e pour les quarts de finale des femmes \u00e9lites lors de sa premi\u00e8re Coupe du monde. Chez les hommes \u00e9lite, Alex Tougas, de Pitt Meadows, en C-B, a termin\u00e9 34<sup>e<\/sup> et James Palmer, de North Vancouver, a termin\u00e9 36<sup>e<\/sup>.<\/p>\n<p>\u00abJe suis heureuse d&#8217;avoir presque pu me qualifier pour la finale [il manquait une place]\u00bb a d\u00e9clar\u00e9 Mechielsen. \u00abJ&#8217;aurais aim\u00e9 pouvoir aller un peu plus loin, mais je suis impatiente de m&#8217;am\u00e9liorer l&#8217;ann\u00e9e prochaine. Je suis vraiment contente de mon classement dans le top 8 de la Coupe du Monde.\u00bb<\/p>\n<p>\u00abJe suis content de la course de Drew ici\u00bb a soulign\u00e9 Adam Muys, entra\u00eeneur en chef de BMX chez Cyclisme Canada. \u00abElle \u00e9tait en mesure de se qualifier pour les finales et a affront\u00e9 certaines des meilleures coureuses au monde, ce qui repr\u00e9sente de grandes am\u00e9liorations cette saison. Alex et James ont connu des courses tr\u00e8s rapides, mais ont manqu\u00e9 des points tactiques pour avancer dans leurs courses. Avriana participait \u00e0 sa premi\u00e8re coupe du monde de la saison et ce f\u00fbt un choc initial, mais elle est revenue la deuxi\u00e8me journ\u00e9e en terminant en quarts de finale, ce qui est g\u00e9nial pour sa premi\u00e8re fois.\u00bb<\/p>\n","protected":false},"featured_media":35594,"template":"","meta":{"_acf_changed":false,"advanced_seo_description":"","jetpack_seo_html_title":"","jetpack_seo_noindex":false},"sport":[82],"class_list":["post-33081","news","type-news","status-publish","has-post-thumbnail","hentry","sport-bmx-fr"],"acf":[],"jetpack_sharing_enabled":true,"_links":{"self":[{"href":"https:\/\/cyclingcanada.ca\/fr\/wp-json\/wp\/v2\/news\/33081","targetHints":{"allow":["GET"]}}],"collection":[{"href":"https:\/\/cyclingcanada.ca\/fr\/wp-json\/wp\/v2\/news"}],"about":[{"href":"https:\/\/cyclingcanada.ca\/fr\/wp-json\/wp\/v2\/types\/news"}],"wp:featuredmedia":[{"embeddable":true,"href":"https:\/\/cyclingcanada.ca\/fr\/wp-json\/wp\/v2\/media\/35594"}],"wp:attachment":[{"href":"https:\/\/cyclingcanada.ca\/fr\/wp-json\/wp\/v2\/media?parent=33081"}],"wp:term":[{"taxonomy":"sport","embeddable":true,"href":"https:\/\/cyclingcanada.ca\/fr\/wp-json\/wp\/v2\/sport?post=33081"}],"curies":[{"name":"wp","href":"https:\/\/api.w.org\/{rel}","templated":true}]}}