{"id":33595,"date":"2018-12-13T14:26:44","date_gmt":"2018-12-13T19:26:44","guid":{"rendered":"https:\/\/cyclingcanada.ca\/?post_type=news&amp;p=33595"},"modified":"2018-12-13T14:26:44","modified_gmt":"2018-12-13T19:26:44","slug":"cyclisme-canada-devoile-les-athletes-de-son-programme-de-bmx-pour-2019","status":"publish","type":"news","link":"https:\/\/cyclingcanada.ca\/fr\/news\/cyclisme-canada-devoile-les-athletes-de-son-programme-de-bmx-pour-2019\/","title":{"rendered":"CYCLISME CANADA D\u00c9VOILE LES ATHL\u00c8TES DE SON PROGRAMME DE BMX POUR 2019"},"content":{"rendered":"<p><strong>Ottawa, ON <\/strong><strong>(le 13 d\u00e9cembre 2018) <\/strong>\u2013 Cyclisme Canada a choisi les athl\u00e8tes de BMX qui formeront les groupes d&#8217;entra\u00eenement de l&#8217;\u00e9quipe nationale et de la rel\u00e8ve (Nextgen) pour la saison 2019.<\/p>\n<p>Les athl\u00e8tes de ces programmes b\u00e9n\u00e9ficieront d&#8217;un environnement quotidien d&#8217;entra\u00eenement optimis\u00e9 qui inclura de l&#8217;entra\u00eenement personnalis\u00e9 et p\u00e9riodis\u00e9, et des services de soutien int\u00e9gr\u00e9s, et ils mettront l&#8217;accent sur l&#8217;obtention de performances aux \u00e9preuves internationales. Le programme de la rel\u00e8ve continuera sous la forme de programmes de l&#8217;Est et de l&#8217;Ouest, bas\u00e9s sur les pistes de SX d&#8217;Abbotsford en Colombie-Britannique, et de Toronto en Ontario.<\/p>\n<p>\u00ab Malgr\u00e9 quelques blessures au sein de notre \u00e9quipe nationale, la progression a \u00e9t\u00e9 forte en 2018 et nous avons enregistr\u00e9 plusieurs meilleurs r\u00e9sultats personnels. Les qualifications olympiques battant leur plein, nous sommes confiants que nous avons le bon groupe d\u2019athl\u00e8tes dans le programme pour se qualifier pour les Jeux. 2019 sera une ann\u00e9e importante dans la course aux points, y compris un tr\u00e8s important projet europ\u00e9en au printemps. Cette ann\u00e9e est \u00e9galement une occasion pour les athl\u00e8tes de BMX de remporter des m\u00e9dailles aux Jeux Panam\u00e9ricains de Lima \u00bb, a d\u00e9clar\u00e9 Adam Muys, entra\u00eeneur national de BMX.<\/p>\n<p>\u00ab&nbsp;2018 a \u00e9t\u00e9 une ann\u00e9e extr\u00eamement r\u00e9ussie pour les athl\u00e8tes de la rel\u00e8ve. Cole Zufelt et Britney Hovencamp ont tous deux particip\u00e9 \u00e0 la finale aux Championnats du Monde et Ryan Tougas a \u00e9tabli un nouveau record canadien avec 11 victoires cons\u00e9cutives aux \u00c9tats-Unis&nbsp;\u00bb, a soulign\u00e9 Brendan Arnold, entra\u00eeneur de la rel\u00e8ve. \u00ab&nbsp;Le fait de repr\u00e9senter la feuille d&#8217;\u00e9rable \u00e0 Bakou \u00e9tait une opportunit\u00e9 extr\u00eamement importante pour ce groupe et ne fera que renforcer leur niveau de confiance en soi pour les Championnats du Monde 2019.&nbsp;\u00bb<\/p>\n<p>La cohorte de 2019 se compose de :<\/p>\n<p><strong>Programme national <\/strong><br \/>\nAlex Tougas \u2013 Pitt Meadows, CB<br \/>\nAvriana Hebert \u2013 Edmonton, AB&nbsp;<br \/>\nDaina Tuchscherer \u2013 Calgary, AB<br \/>\nDrew Mechielsen \u2013 Langley, CB<br \/>\nGaby Malenfant \u2013 Drummondville, QC<br \/>\nJames Palmer \u2013 North Vancouver, CB<br \/>\nTory Nyhaug \u2013 Coquitlam, CB<\/p>\n<p><strong>Programme de la rel\u00e8ve de l&#8217;Est (Toronto, ON)<\/strong><br \/>\nBritney Hovencamp \u2013 Amherstview, ON<br \/>\nCole Zufelt \u2013 Trenton, ON<br \/>\nColson Bates \u2013 Pickering, ON<br \/>\nCurtis Krey \u2013 Etobicoke, ON<br \/>\nEdouard Proulx \u2013 Saint-Valerien-de-Milton, QC<br \/>\nEmma Robbescheuten \u2013 Brooklin, ON<br \/>\nFelix Maltais \u2013 Drummondville, QC<br \/>\nJames Hedgcock \u2013 Ancaster, ON<br \/>\nJosh Samells \u2013 Milton, ON<br \/>\nLauren Webber \u2013 Ottawa, ON<\/p>\n<p><strong>Programme de la rel\u00e8ve de l&#8217;Ouest (Abbotsford, <\/strong><strong>CB)<\/strong><br \/>\nAidan Webber \u2013 Comox, CB<br \/>\nAlex Grecht \u2013 Parksville, CB<br \/>\nBen Leslie \u2013 Nanaimo, CB<br \/>\nBilly Ratcliff \u2013 Abbotsford, CB<br \/>\nMolly Simpson \u2013 Red Deer, AB<br \/>\nNick Berarducci \u2013 Airdrie, AB<br \/>\nRiley Lavarato \u2013 Lethbridge, AB<br \/>\nRyan Tougas \u2013 Pitt Meadows, CB<br \/>\nTeigen Pascual \u2013 Squamish, CB<br \/>\nViolet Cejalvo \u2013 Surrey, CB<\/p>\n","protected":false},"featured_media":35616,"template":"","meta":{"_acf_changed":false,"advanced_seo_description":"","jetpack_seo_html_title":"","jetpack_seo_noindex":false},"sport":[82],"class_list":["post-33595","news","type-news","status-publish","has-post-thumbnail","hentry","sport-bmx-fr"],"acf":[],"jetpack_sharing_enabled":true,"_links":{"self":[{"href":"https:\/\/cyclingcanada.ca\/fr\/wp-json\/wp\/v2\/news\/33595","targetHints":{"allow":["GET"]}}],"collection":[{"href":"https:\/\/cyclingcanada.ca\/fr\/wp-json\/wp\/v2\/news"}],"about":[{"href":"https:\/\/cyclingcanada.ca\/fr\/wp-json\/wp\/v2\/types\/news"}],"wp:featuredmedia":[{"embeddable":true,"href":"https:\/\/cyclingcanada.ca\/fr\/wp-json\/wp\/v2\/media\/35616"}],"wp:attachment":[{"href":"https:\/\/cyclingcanada.ca\/fr\/wp-json\/wp\/v2\/media?parent=33595"}],"wp:term":[{"taxonomy":"sport","embeddable":true,"href":"https:\/\/cyclingcanada.ca\/fr\/wp-json\/wp\/v2\/sport?post=33595"}],"curies":[{"name":"wp","href":"https:\/\/api.w.org\/{rel}","templated":true}]}}