{"id":34262,"date":"2012-04-14T18:42:28","date_gmt":"2012-04-25T18:43:30","guid":{"rendered":"https:\/\/cyclingcanada.ca\/?post_type=news&amp;p=170"},"modified":"2012-04-14T18:42:28","modified_gmt":"2012-04-25T18:43:30","slug":"tory-nyhaug-septieme-du-contre-la-montre-a-la-coupe-du-monde-de-bmx-en-norvege","status":"publish","type":"news","link":"https:\/\/cyclingcanada.ca\/fr\/news\/tory-nyhaug-septieme-du-contre-la-montre-a-la-coupe-du-monde-de-bmx-en-norvege\/","title":{"rendered":"TORY NYHAUG SEPTI\u00c8ME DU CONTRE-LA-MONTRE \u00c0 LA COUPE DU MONDE DE BMX EN NORV\u00c8GE"},"content":{"rendered":"<p>(Randaberg, NOR \u2013 Le 14 avril 2012) Le cycliste canadien de BMX Tory Nyhaug de Coquitlam en Colombie-Britannique a termin\u00e9 au septi\u00e8me rang de la finale du supercross en Coupe du monde, en Norv\u00e8ge, dans une finale enlevante qui a \u00e9t\u00e9 marqu\u00e9 par deux chutes, dont une qui a impliqu\u00e9 Nyhaug.<\/p>\n<p>Nyhaug \u00e9tait sur son chemin vers une troisi\u00e8me place, c\u00f4te \u00e0 c\u00f4te avec Liam Phillips de la Grande-Bretagne, et son premier podium sur le circuit de BMX Supercross UCI. Et puis la catastrophe est survenue dans la derni\u00e8re ligne droite alors que Phillips et Nyhaug sont entr\u00e9s en collision, et se sont \u00e9cras\u00e9s sur l\u2019avant-dernier saut, \u00e0 seulement quelques m\u00e8tres avant la ligne d&#8217;arriv\u00e9e. Nyhaug et Phillips ont durement \u00e9t\u00e9 propuls\u00e9s au sol lors de la chute en pleine vitesse.<\/p>\n<p>\u00ab Je suis vraiment content de mon positionnement aujourd\u2019hui, et du fait que j\u2019ai perc\u00e9 les deux finales de supercross cette ann\u00e9e. C\u2019est certain que je suis un peu d\u00e9\u00e7u de la tournure des \u00e9v\u00e9nements et de la chute puisque cela aura \u00e9t\u00e9 mon premier podium de ma carri\u00e8re, \u00bb a comment\u00e9 Nyhaug.<\/p>\n<p>Nyhaug s\u2019est relev\u00e9 et a termin\u00e9 la course, et n&#8217;a pas \u00e9t\u00e9 bless\u00e9. Nyhaug poursuivra les pr\u00e9paratifs olympiques, comme pr\u00e9vu.<\/p>\n<p>Nyhaug s\u2019est facilement qualifi\u00e9 en quarts de finale, remportant sa vague, et ensuite a pris la deuxi\u00e8me position dans la demi-finale pour avancer dans la d\u00e9cisive course.<\/p>\n<p>L\u2019am\u00e9ricain Connor Fields a remport\u00e9 les grands honneurs de cette course de Supercross, sa troisi\u00e8me victoire cons\u00e9cutive, apr\u00e8s avoir remport\u00e9 la derni\u00e8re \u00e9tape du circuit 2011, et la premi\u00e8re de 2012 \u00e0 Chula Vista. L\u2019Am\u00e9ricain, qui a aussi remport\u00e9 le contre-la-montre hier soir, a \u00e9t\u00e9 victorieux lors des quatre courses cette saison en Coupe du monde.<br \/>\n<strong><br \/>\nR\u00c9SULTATS \u2013 SUPERCROSS UCI DE BMX \u2013 RANDABERG, NORV\u00c8GE<\/strong><br \/>\n1. FIELDS Connor (USA)<br \/>\n2. WILLOUGHBY Sam (AUS)<br \/>\n3. OQUENDO ZABALA Carlos Mario (COL)<br \/>\n4. CALEYRON Quentin (FRA)<br \/>\n5. KIRKHAM Brian (AUS)<br \/>\n6. PHILLIPS Liam (GBR)<br \/>\n7. NYHAUG Tory (CAN)<\/p>\n<p>Des photos peuvent \u00eatre t\u00e9l\u00e9charg\u00e9es au\u00a0<a href=\"http:\/\/www.bmx-mediatool.com\/\" target=\"_blank\" rel=\"noopener noreferrer\">www.bmx-mediatool.com<\/a>.<br \/>\nLes r\u00e9sultats complets sont au\u00a0<a href=\"http:\/\/www.bmx-results.com\/\">www.bmx-results.com<\/a>\u00a0en cliquant sur R\u00e9sultats 2012 et choisissant \u2018Randaberg\u2019.<\/p>\n<p>Suivez les BMX UCI sur twitter au\u00a0<a href=\"http:\/\/www.twitter.com\/UCI_BMX_SX\" target=\"_blank\" rel=\"noopener noreferrer\">www.twitter.com\/UCI_BMX_SX<\/a>\u00a0ou sur Facebook au<a href=\"http:\/\/www.facebook.com\/UCIBMXSupercross\" target=\"_blank\" rel=\"noopener noreferrer\">www.facebook.com\/UCIBMXSupercross<\/a>.<br \/>\nVous pouvez aussi voir en direct les courses de supercross au www.BMXlive.tv.<\/p>\n","protected":false},"featured_media":187,"template":"","meta":{"_acf_changed":false,"advanced_seo_description":"","jetpack_seo_html_title":"","jetpack_seo_noindex":false},"sport":[82],"class_list":["post-34262","news","type-news","status-publish","has-post-thumbnail","hentry","sport-bmx-fr"],"acf":[],"jetpack_sharing_enabled":true,"_links":{"self":[{"href":"https:\/\/cyclingcanada.ca\/fr\/wp-json\/wp\/v2\/news\/34262","targetHints":{"allow":["GET"]}}],"collection":[{"href":"https:\/\/cyclingcanada.ca\/fr\/wp-json\/wp\/v2\/news"}],"about":[{"href":"https:\/\/cyclingcanada.ca\/fr\/wp-json\/wp\/v2\/types\/news"}],"wp:featuredmedia":[{"embeddable":true,"href":"https:\/\/cyclingcanada.ca\/fr\/wp-json\/"}],"wp:attachment":[{"href":"https:\/\/cyclingcanada.ca\/fr\/wp-json\/wp\/v2\/media?parent=34262"}],"wp:term":[{"taxonomy":"sport","embeddable":true,"href":"https:\/\/cyclingcanada.ca\/fr\/wp-json\/wp\/v2\/sport?post=34262"}],"curies":[{"name":"wp","href":"https:\/\/api.w.org\/{rel}","templated":true}]}}