{"id":34268,"date":"2012-05-23T17:24:40","date_gmt":"2012-05-23T21:25:25","guid":{"rendered":"https:\/\/cyclingcanada.ca\/?post_type=news&amp;p=3233"},"modified":"2012-05-23T17:24:40","modified_gmt":"2012-05-23T21:25:25","slug":"une-nouvelle-ere-commence-pour-le-cyclisme-canadien-avec-un-nouveau-nom-et-une-nouvelle-image","status":"publish","type":"news","link":"https:\/\/cyclingcanada.ca\/fr\/news\/une-nouvelle-ere-commence-pour-le-cyclisme-canadien-avec-un-nouveau-nom-et-une-nouvelle-image\/","title":{"rendered":"UNE NOUVELLE \u00c8RE COMMENCE POUR LE CYCLISME CANADIEN, AVEC UN NOUVEAU NOM ET UNE NOUVELLE IMAGE"},"content":{"rendered":"<p><em>Les \u00e9quipes cyclistes canadiennes vont \u00abp\u00e9daler pour gagner\u00bb cette saison<\/em><\/p>\n<p>(Ottawa, ON \u2013 le 23 mai 2012) Le conseil d&#8217;administration de l&#8217;Association cycliste canadienne a le plaisir d&#8217;annoncer qu\u2019\u00e0 partir d\u2019aujourd&#8217;hui l&#8217;organisme va s&#8217;appeler Cycling Canada Cyclisme.\u00a0<\/p>\n<p>Arborant ce nouveau logo et ce nouveau nom, les \u00e9quipes canadiennes de tous les sports cyclistes vont promouvoir cette nouvelle marque dans tous les coins du monde, \u00e0 diverses \u00e9preuves de la Coupe du monde, aux championnats du monde et \u00e0 l&#8217;occasion de courses internationales.\u00a0 Le pr\u00e9sident John Tolkamp explique ainsi ce changement de nom et de logo : \u00abDe nombreux anciens cyclistes et conseillers nous ont incit\u00e9s \u00e0 rajeunir l&#8217;identit\u00e9 de notre organisme.\u00a0 Cette nouvelle identit\u00e9 modernise et renforce notre marque, tout en conservant un lien \u00e9troit avec notre pays et avec la riche histoire du cyclisme au Canada.\u00a0 Nous avions \u00e9galement le sentiment que, puisque notre \u00e9quipe d\u00e9vou\u00e9e d&#8217;athl\u00e8tes, d&#8217;entra\u00eeneurs et de personnel de soutien est \u00e0 la fine pointe de la haute performance, elle m\u00e9ritait une nouvelle image et une nouvelle identit\u00e9.\u00a0 Depuis plusieurs ann\u00e9es, notre organisme, tout comme le sport dans son entier, s\u2019est beaucoup transform\u00e9, et notamment nous connaissons d\u2019excellents succ\u00e8s internationaux.\u00a0 Cette nouvelle identit\u00e9 souligne les progr\u00e8s accomplis ainsi que nos attentes pour l&#8217;avenir, et en particulier pour les Jeux olympiques de Londres.\u00a0 Au cours des trois prochains mois, nous souhaitons inspirer tout le Canada et motiver les jeunes \u00e0 pratiquer le cyclisme, alors que nos athl\u00e8tes repr\u00e9sentent fi\u00e8rement le Canada.\u00bb<\/p>\n<p>Le logo, qui est une feuille d&#8217;\u00e9rable patrimoniale contenant un cycliste, rappelle les innombrables succ\u00e8s des cyclistes canadiens dans tous les coins du monde.<\/p>\n<p>Ce nouveau logo t\u00e9moigne de la riche histoire du cyclisme au Canada.\u00a0 Cycling Canada Cyclisme est en effet le deuxi\u00e8me plus ancien organisme national directeur de sport, ayant \u00e9t\u00e9 fond\u00e9 en 1882.\u00a0 Le cyclisme canadien a toujours \u00e9t\u00e9 un sport de premier plan aux Jeux olympiques, et des l\u00e9gendes vivantes comme Steve Bauer (argent sur route \u00e0 Los Angeles en 1984), Curt Harnett (argent sur piste \u00e0 Los Angeles en 1984) et Clara Hughes (1996) ont ouvert la voie \u00e0 une nouvelle g\u00e9n\u00e9ration d\u2019excellents cyclistes.<\/p>\n<p>\u00abAlors que nous entrons dans une nouvelle \u00e8re du cyclisme canadien, nos athl\u00e8tes obtiennent des r\u00e9sultats de niveau mondial, et remportent r\u00e9guli\u00e8rement des m\u00e9dailles aux \u00e9preuves de la Coupe du monde, aux championnats du monde et \u00e0 d&#8217;autres grandes courses internationales de l&#8217;UCI\u00bb pr\u00e9cise Greg Mathieu, chef de la direction de Cycling Canada Cyclisme, qui poursuit :\u00a0<\/p>\n<p>&nbsp;<\/p>\n<p>\u00abCes efforts de renouvellement de notre marque arrivent \u00e0 un moment propice, car nous sommes en bonne voie pour atteindre l&#8217;objectif de notre Vision 2020, \u00e0 savoir \u00eatre un chef de file mondial du cyclisme d\u2019ici \u00e0 2020.\u00bb<\/p>\n<p>Cette nouvelle identit\u00e9 visuelle devient aussi un nouveau slogan : \u00abP\u00e9daler pour Gagner\u00bb qui concr\u00e9tise les encouragements prodigu\u00e9s aux membres de nos \u00e9quipes alors qu\u2019ils entament les principales comp\u00e9titions de la saison.<\/p>\n<p>L\u2019\u00e9quipe canadienne de cyclisme sur route conna\u00eet actuellement des succ\u00e8s importants, tant du c\u00f4t\u00e9 masculin que f\u00e9minin.\u00a0 Chez les femmes, le Canada est class\u00e9 premier pays mondial en v\u00e9lo de montagne.\u00a0 De son c\u00f4t\u00e9, l&#8217;\u00e9quipe canadienne de cyclisme sur piste vient de terminer une saison de r\u00eave, marqu\u00e9e par de superbes performances aux \u00e9preuves du Tour de la Coupe du monde et aux Championnats du monde de l&#8217;UCI.\u00a0 En BMX, nous saluons l&#8217;\u00e9mergence d&#8217;un s\u00e9rieux pr\u00e9tendant sur le circuit de Supercross, avec une pr\u00e9sence r\u00e9guli\u00e8re lors des grandes finales.\u00a0 Et finalement, le programme canadien de para-cyclisme est \u00e0 la fine pointe de l&#8217;\u00e9lite, ayant remport\u00e9 sept m\u00e9dailles aux derniers Championnats du monde de route, et trois m\u00e9dailles aux Championnats du monde de piste.<\/p>\n<p>\u00ab La nouvelle identit\u00e9 du cyclisme au Canada est un d\u00e9but passionnant pour cette nouvelle \u00e8re. Le cyclisme canadien conna\u00eet une croissance ph\u00e9nom\u00e9nale, avec beaucoup de succ\u00e8s r\u00e9cemment, et je sais que nous continuerons sur cette lanc\u00e9e. Ce nouveau nom et identit\u00e9 visuelle aidera \u00e0 poursuivre sur cette lanc\u00e9e, tout en int\u00e9grant la riche histoire du cyclisme au Canada, et en donnant aux athl\u00e8tes un nouveau look, ils pourront \u00eatre fiers de repr\u00e9senter le pays lors de cette importante ann\u00e9e olympique, \u00bb a d\u00e9clar\u00e9 Erinne Willock, membre de l\u2019\u00e9quipe canadienne de cyclisme Route et repr\u00e9sentante des athl\u00e8tes au Conseil d\u2019administration.<\/p>\n<p>Une nouvelle s\u00e9rie de logos modernis\u00e9s ont \u00e9galement \u00e9t\u00e9 d\u00e9voil\u00e9s.\u00a0 Ils refl\u00e8tent la richesse et la tradition des Championnats canadiens de cyclisme.\u00a0 Et \u00e0 partir de cet \u00e9t\u00e9, cette nouvelle identit\u00e9 sera promue \u00e0 l&#8217;occasion de tous les Championnats canadiens de cyclisme.<\/p>\n","protected":false},"featured_media":0,"template":"","meta":{"_acf_changed":false,"advanced_seo_description":"","jetpack_seo_html_title":"","jetpack_seo_noindex":false},"sport":[82],"class_list":["post-34268","news","type-news","status-publish","hentry","sport-bmx-fr"],"acf":[],"jetpack_sharing_enabled":true,"_links":{"self":[{"href":"https:\/\/cyclingcanada.ca\/fr\/wp-json\/wp\/v2\/news\/34268","targetHints":{"allow":["GET"]}}],"collection":[{"href":"https:\/\/cyclingcanada.ca\/fr\/wp-json\/wp\/v2\/news"}],"about":[{"href":"https:\/\/cyclingcanada.ca\/fr\/wp-json\/wp\/v2\/types\/news"}],"wp:attachment":[{"href":"https:\/\/cyclingcanada.ca\/fr\/wp-json\/wp\/v2\/media?parent=34268"}],"wp:term":[{"taxonomy":"sport","embeddable":true,"href":"https:\/\/cyclingcanada.ca\/fr\/wp-json\/wp\/v2\/sport?post=34268"}],"curies":[{"name":"wp","href":"https:\/\/api.w.org\/{rel}","templated":true}]}}