{"id":34273,"date":"2012-05-25T16:41:20","date_gmt":"2012-05-25T20:42:07","guid":{"rendered":"https:\/\/cyclingcanada.ca\/?post_type=news&amp;p=3505"},"modified":"2012-05-25T16:41:20","modified_gmt":"2012-05-25T20:42:07","slug":"amelia-walsh-avance-aux-rondes-finales-de-supercross-aux-mondiaux-de-bmx","status":"publish","type":"news","link":"https:\/\/cyclingcanada.ca\/fr\/news\/amelia-walsh-avance-aux-rondes-finales-de-supercross-aux-mondiaux-de-bmx\/","title":{"rendered":"AM\u00c9LIA WALSH AVANCE AUX RONDES FINALES DE SUPERCROSS AUX MONDIAUX DE BMX"},"content":{"rendered":"<p>(Birmingham, GBR \u2013 Le 25 mai) Amelia Walsh est la seule pilote canadienne \u00e0 passer aux rondes finales de Supercross dans la cat\u00e9gorie \u00c9lite lors des Championnats du monde de BMX \u00e0 Birmingham, Grande-Bretagne.<\/p>\n<p>Walsh s\u2019est qualifi\u00e9 avec le 44e meilleur temps des s\u00e9ances de qualification f\u00e9minine. La championne canadienne en titre Sabrina Millman, qui a subi une blessure mineure au poignet, mercredi, n\u2019a pas \u00e9t\u00e9 en mesure de se qualifier.<\/p>\n<p>Chez les hommes, le Canadien Connor McCormack ne s\u2019est pas qualifi\u00e9 pour les rondes finales, terminant les s\u00e9ances de qualifications au 82<sup>e<\/sup> rang.<\/p>\n<p>Chez les juniors, deux pilotes canadiens se sont qualifi\u00e9s pour les rondes finales. Corey Walsh s\u2019est qualifi\u00e9 avec le 33<sup>e<\/sup> meilleur temps de la journ\u00e9e, tandis que James Palmer termine 52<sup>e<\/sup> du classement des qualifications.<\/p>\n<p>Les finales de BMX Supercross se tiendront demain.<\/p>\n","protected":false},"featured_media":0,"template":"","meta":{"_acf_changed":false,"advanced_seo_description":"","jetpack_seo_html_title":"","jetpack_seo_noindex":false},"sport":[82],"class_list":["post-34273","news","type-news","status-publish","hentry","sport-bmx-fr"],"acf":[],"jetpack_sharing_enabled":true,"_links":{"self":[{"href":"https:\/\/cyclingcanada.ca\/fr\/wp-json\/wp\/v2\/news\/34273","targetHints":{"allow":["GET"]}}],"collection":[{"href":"https:\/\/cyclingcanada.ca\/fr\/wp-json\/wp\/v2\/news"}],"about":[{"href":"https:\/\/cyclingcanada.ca\/fr\/wp-json\/wp\/v2\/types\/news"}],"wp:attachment":[{"href":"https:\/\/cyclingcanada.ca\/fr\/wp-json\/wp\/v2\/media?parent=34273"}],"wp:term":[{"taxonomy":"sport","embeddable":true,"href":"https:\/\/cyclingcanada.ca\/fr\/wp-json\/wp\/v2\/sport?post=34273"}],"curies":[{"name":"wp","href":"https:\/\/api.w.org\/{rel}","templated":true}]}}