{"id":40576,"date":"2019-07-19T11:55:04","date_gmt":"2019-07-19T15:55:04","guid":{"rendered":"https:\/\/cyclingcanada.ca\/?post_type=news&#038;p=40576"},"modified":"2019-07-19T11:55:04","modified_gmt":"2019-07-19T15:55:04","slug":"cyclisme-canada-annonce-son-equipe-pour-les-championnats-du-monde-de-bmx-de-2019","status":"publish","type":"news","link":"https:\/\/cyclingcanada.ca\/fr\/news\/cyclisme-canada-annonce-son-equipe-pour-les-championnats-du-monde-de-bmx-de-2019\/","title":{"rendered":"CYCLISME CANADA ANNONCE SON \u00c9QUIPE POUR LES CHAMPIONNATS DU MONDE DE BMX DE 2019"},"content":{"rendered":"<p><strong>Ottawa, ON (le 19 juillet 2019) <\/strong>\u2013 Cyclisme Canada est heureux d&#8217;annoncer les athl\u00e8tes s\u00e9lectionn\u00e9s pour repr\u00e9senter le Canada aux Championnats du monde de BMX \u00e0 Zolder, en Belgique, du 23 au 27 juillet. Un total de neuf coureurs repr\u00e9senteront le Canada dans les cat\u00e9gories \u00e9lite et junior.<\/p>\n<p>Drew Mechielsen et Daina Tuchscherer, qui figurent actuellement dans le top 25 mondial, rechercheront de bonnes performances dans la cat\u00e9gorie \u00e9lite f\u00e9minine apr\u00e8s avoir remport\u00e9 l\u2019or et l\u2019argent aux Championnats canadiens de BMX. \u00a0Elles seront accompagn\u00e9es du champion canadien James Palmer et de Gaby Malenfant chez les hommes \u00e9lite. Tory Nyhaug, Alex Tougas et Ryan Tougas ont tous \u00e9t\u00e9 s\u00e9lectionn\u00e9s pour faire partie de l&#8217;\u00e9quipe, mais ont d\u00fb d\u00e9cliner \u00e0 cause de blessures.<\/p>\n<p>Adam Muys, entra\u00eeneur du programme national de BMX a d\u00e9clar\u00e9 : \u00abJe m\u2019attends \u00e0 de bonnes performances de nos athl\u00e8tes. Au cours des derniers mois, nous avons travaill\u00e9 sur plusieurs techniques et tactiques pour nous aider \u00e0 atteindre nos objectifs de performance. L\u2019\u00e9quipe s\u2019est entra\u00een\u00e9e sur ce circuit plus t\u00f4t ce printemps et conna\u00eet bien les installations, ce qui sera un atout.\u00a0\u00bb<\/p>\n<p>Un nombre suppl\u00e9mentaire d\u2019athl\u00e8tes de la classe Challenge se joindra \u00e0 l\u2019\u00e9quipe.<\/p>\n<p><u>\u00c9quipe de BMX nationale \u2013 \u00e9lite et junior<\/u><\/p>\n<p><strong>Hommes \u00e9lite<\/strong><br \/>\nGaby Malenfant \u2013 Drummondville, QC<br \/>\nJames Palmer \u2013 North Vancouver, CB<\/p>\n<p><strong>\u00a0<\/strong><br \/>\n<strong>Femmes \u00e9lite<\/strong><br \/>\nDrew Mechielsen \u2013 Langley, CB<br \/>\nDaina\u00a0Tuchscherer \u2013 Calgary, AB<br \/>\n<strong>\u00a0<\/strong><\/p>\n<p><strong>Hommes junior<\/strong><br \/>\nJames Hedgcock \u2013 Ancaster, ON<br \/>\nCurtis Krey \u2013 Etobicoke, ON<br \/>\n<strong>\u00a0<\/strong><\/p>\n<p><strong>Femmes junior<\/strong><br \/>\nLauren Webber \u2013 Ottawa, ON<br \/>\nMolly Simpson \u2013 Red Deer, AB<br \/>\nViolet Cejavlo \u2013 Langley, CB<br \/>\n&nbsp;<\/p>\n<p><u>S\u00e9lection \u00e9quipe challenge (NextGen)<\/u><br \/>\nCole Zufelt \u2013 Trenton, ON<br \/>\nTeigan Pascual \u2013 Squamish, CB<br \/>\nEdouard Proulx \u2013 Saint-Val\u00e9rien, QC<\/p>\n","protected":false},"featured_media":40569,"template":"","meta":{"_acf_changed":false,"advanced_seo_description":"","jetpack_seo_html_title":"","jetpack_seo_noindex":false},"sport":[82],"class_list":["post-40576","news","type-news","status-publish","has-post-thumbnail","hentry","sport-bmx-fr"],"acf":[],"jetpack_sharing_enabled":true,"_links":{"self":[{"href":"https:\/\/cyclingcanada.ca\/fr\/wp-json\/wp\/v2\/news\/40576","targetHints":{"allow":["GET"]}}],"collection":[{"href":"https:\/\/cyclingcanada.ca\/fr\/wp-json\/wp\/v2\/news"}],"about":[{"href":"https:\/\/cyclingcanada.ca\/fr\/wp-json\/wp\/v2\/types\/news"}],"wp:featuredmedia":[{"embeddable":true,"href":"https:\/\/cyclingcanada.ca\/fr\/wp-json\/wp\/v2\/media\/40569"}],"wp:attachment":[{"href":"https:\/\/cyclingcanada.ca\/fr\/wp-json\/wp\/v2\/media?parent=40576"}],"wp:term":[{"taxonomy":"sport","embeddable":true,"href":"https:\/\/cyclingcanada.ca\/fr\/wp-json\/wp\/v2\/sport?post=40576"}],"curies":[{"name":"wp","href":"https:\/\/api.w.org\/{rel}","templated":true}]}}