{"id":45339,"date":"2020-10-01T09:41:01","date_gmt":"2020-10-01T13:41:01","guid":{"rendered":"https:\/\/cyclingcanada.ca\/?post_type=news&#038;p=45339"},"modified":"2020-10-03T16:55:37","modified_gmt":"2020-10-03T20:55:37","slug":"cyclisme-canada-lance-son-programme-nextgen-pour-la-saison-2021","status":"publish","type":"news","link":"https:\/\/cyclingcanada.ca\/fr\/news\/cyclisme-canada-lance-son-programme-nextgen-pour-la-saison-2021\/","title":{"rendered":"CYCLISME CANADA LANCE SON PROGRAMME NEXTGEN POUR LA SAISON 2021"},"content":{"rendered":"<p><strong>Ottawa, ON (le 1<sup>er<\/sup> octobre 2020) <\/strong><strong>\u2013 <\/strong>Cyclisme Canada est heureux d&#8217;annoncer le lancement de son programme NextGen pour la saison 2021. Le programme NextGen, qui est ouvert \u00e0 toutes les disciplines olympiques et paralympiques, est con\u00e7u pour acc\u00e9l\u00e9rer l&#8217;entra\u00eenement et le d\u00e9veloppement de chaque athl\u00e8te en l&#8217;exposant \u00e0 un environnement d&#8217;entra\u00eenement de classe mondiale sous la direction d&#8217;entra\u00eeneurs et de personnel experts.<\/p>\n<p>Le processus de s\u00e9lection des athl\u00e8tes est ouvert \u00e0 tous les coureurs canadiens et aura lieu en octobre, les athl\u00e8tes \u00e9tant avis\u00e9s de leur s\u00e9lection d&#8217;ici la fin du mois. Les athl\u00e8tes int\u00e9ress\u00e9s sont encourag\u00e9s \u00e0 se familiariser avec les programmes \u00e9num\u00e9r\u00e9s ci-dessous et \u00e0 contacter l&#8217;entra\u00eeneur concern\u00e9 afin de manifester leur int\u00e9r\u00eat ou pour poser toute question.<\/p>\n<p>\u00abL\u2019expertise des entra\u00eeneurs et du personnel que nous avons \u00e0 Cyclisme Canada est vraiment exceptionnelle, a soulign\u00e9 Jenny Trew, l\u2019entra\u00eeneuse principale NextGen de Cyclisme Canada. La vigueur que nous apportons \u00e0 nos programmes NextGen gr\u00e2ce \u00e0 une collaboration entre experts nous permet de capitaliser sur nos forces collectives, b\u00e9n\u00e9ficiant ainsi tous les programmes. Je suis excit\u00e9e de b\u00e2tir une communaut\u00e9 cycliste canadienne encore plus solide qui permettra d\u2019\u00e9tablir de nouvelles normes et d\u2019accro\u00eetre les possibilit\u00e9s pour nos athl\u00e8tes. Nous visons \u00e0 donner aux athl\u00e8tes l\u2019entra\u00eenement, les connaissances, les comp\u00e9tences et les comportements n\u00e9cessaires pour maximiser leurs performances sur la sc\u00e8ne mondiale.\u00bb<\/p>\n<p>Le programme NextGen de Cyclisme Canada a connu beaucoup de succ\u00e8s depuis sa cr\u00e9ation en 2014, comptant plusieurs dipl\u00f4m\u00e9s qui sont entr\u00e9s dans les programmes de l\u2019\u00e9quipe nationale \u00e9lite. Avec des athl\u00e8tes tels qu&#8217;Ariane Bonhomme et Nick Wammes officiellement s\u00e9lectionn\u00e9s pour les Jeux de Tokyo, le programme a prouv\u00e9 qu&#8217;il pouvait propulser les athl\u00e8tes au plus haut niveau du sport.<\/p>\n<p><a href=\"https:\/\/cyclingcanada.ca\/wp-content\/uploads\/2020\/10\/2021-BMX-NG.pdf\">BMX<\/a><br \/>\n<a href=\"https:\/\/cyclingcanada.ca\/wp-content\/uploads\/2020\/10\/2021-MTB-NG.pdf\">V\u00e9lo de montagne<\/a><br \/>\n<a href=\"https:\/\/cyclingcanada.ca\/wp-content\/uploads\/2020\/10\/2021-Para-NG.pdf\">Paracyclisme<\/a><br \/>\n<a href=\"https:\/\/cyclingcanada.ca\/wp-content\/uploads\/2020\/10\/2021-Track-Endurance-NG.pdf\">Piste &#8211; endurance<\/a><br \/>\n<a href=\"https:\/\/cyclingcanada.ca\/wp-content\/uploads\/2020\/10\/2021-Track-Sprint-NG.pdf\">Piste &#8211; sprint<\/a><br \/>\n<a href=\"https:\/\/cyclingcanada.ca\/wp-content\/uploads\/2020\/10\/2021-Road-Pilot.pdf\">Route<\/a><\/p>\n","protected":false},"featured_media":45343,"template":"","meta":{"_acf_changed":false,"advanced_seo_description":"","jetpack_seo_html_title":"","jetpack_seo_noindex":false},"sport":[83],"class_list":["post-45339","news","type-news","status-publish","has-post-thumbnail","hentry","sport-general"],"acf":[],"jetpack_sharing_enabled":true,"_links":{"self":[{"href":"https:\/\/cyclingcanada.ca\/fr\/wp-json\/wp\/v2\/news\/45339","targetHints":{"allow":["GET"]}}],"collection":[{"href":"https:\/\/cyclingcanada.ca\/fr\/wp-json\/wp\/v2\/news"}],"about":[{"href":"https:\/\/cyclingcanada.ca\/fr\/wp-json\/wp\/v2\/types\/news"}],"wp:featuredmedia":[{"embeddable":true,"href":"https:\/\/cyclingcanada.ca\/fr\/wp-json\/wp\/v2\/media\/45343"}],"wp:attachment":[{"href":"https:\/\/cyclingcanada.ca\/fr\/wp-json\/wp\/v2\/media?parent=45339"}],"wp:term":[{"taxonomy":"sport","embeddable":true,"href":"https:\/\/cyclingcanada.ca\/fr\/wp-json\/wp\/v2\/sport?post=45339"}],"curies":[{"name":"wp","href":"https:\/\/api.w.org\/{rel}","templated":true}]}}