{"id":45844,"date":"2020-11-18T13:17:26","date_gmt":"2020-11-18T17:17:26","guid":{"rendered":"https:\/\/cyclingcanada.ca\/?post_type=news&#038;p=45844"},"modified":"2020-11-19T11:45:43","modified_gmt":"2020-11-19T15:45:43","slug":"manifestations-personnelles-dinteret-pour-les-comites-operationnels-de-cyclisme-canada-2","status":"publish","type":"news","link":"https:\/\/cyclingcanada.ca\/fr\/news\/manifestations-personnelles-dinteret-pour-les-comites-operationnels-de-cyclisme-canada-2\/","title":{"rendered":"MANIFESTATIONS PERSONNELLES D&#8217;INT\u00c9R\u00caT POUR LES COMIT\u00c9S OP\u00c9RATIONNELS DE CYCLISME CANADA"},"content":{"rendered":"<p><strong>Ottawa, ON (le 18 novembre 2020)<\/strong> &#8211; Cyclisme Canada sollicite les manifestations personnelles d\u2019int\u00e9r\u00eat, ou l\u2019identification de personnes capables, d\u00e9sireuses et motiv\u00e9es de servir l\u2019organisation \u00e0 titre b\u00e9n\u00e9vole au sein pour deux comit\u00e9s op\u00e9rationnels\u00a0:<\/p>\n<ul>\n<li>Le comit\u00e9 des officiels<\/li>\n<li>Le comit\u00e9 des \u00e9v\u00e9nements<\/li>\n<\/ul>\n<p>Le mandat d\u00e9taill\u00e9 et la matrice des comp\u00e9tences souhait\u00e9es pour les membres des comit\u00e9s\u00a0<a href=\"https:\/\/cyclingcanada.ca\/wp-content\/uploads\/2020\/11\/Comite\u0301-Opertionnels-Matrix-fr.pdf\" target=\"_blank\" rel=\"noopener noreferrer\">sont joints<\/a>. Les personnes int\u00e9ress\u00e9es \u00e0 soumettre leur candidature pour le comit\u00e9 des \u00e9v\u00e9nements sont pri\u00e9es de remplir le <a href=\"https:\/\/cyclingcanada.ca\/wp-content\/uploads\/2020\/11\/CCEC-Self-Evaluation-Form-1.pdf\" target=\"_blank\" rel=\"noopener noreferrer\">formulaire d&#8217;auto-evaluation du canditat<\/a> et de le soumettre dans leur courriel de d\u00e9claration d&#8217;int\u00e9r\u00eat. Le nombre de membres du comit\u00e9 est variable, en fonction de la capacit\u00e9 \u00e0 trouver un \u00e9chantillon repr\u00e9sentatif de comp\u00e9tences, dans la plage attendue suivante\u00a0:<\/p>\n<ul>\n<li>Officiels\u00a0: quatre \u00e0 six<\/li>\n<li>\u00c9v\u00e9nements\u00a0: quatre \u00e0 six<\/li>\n<\/ul>\n<p>La dur\u00e9e de chaque mandat est de deux ans. Environ la moiti\u00e9 des membres du comit\u00e9 seront choisis chaque ann\u00e9e pour assurer la continuit\u00e9 et le renouvellement. Notez qu\u2019il s\u2019agit de la premi\u00e8re ann\u00e9e de transition entre les membres \u00e9lus et les membres nomm\u00e9s des comit\u00e9s. Par cons\u00e9quent, les personnes qui ont \u00e9t\u00e9 \u00e9lues pour un mandat de deux ans en octobre 2018, continueront \u00e0 si\u00e9ger au sein de leur comit\u00e9 jusqu\u2019\u00e0 la fin de 2020. Les membres du comit\u00e9 devraient en principe consacrer quelques heures par mois, principalement pour les r\u00e9unions par t\u00e9l\u00e9conf\u00e9rence, avec une ou deux r\u00e9unions par an en face \u00e0 face. Les personnes int\u00e9ress\u00e9es doivent envoyer un courriel \u00e0 <a href=\"mailto:general@cyclingcanada.ca\">general@cyclingcanada.ca<\/a>\u00a0avec pour objet \u00ab\u00a0Manifestation d\u2019int\u00e9r\u00eat pour le comit\u00e9\u00a0\u00bb avant le 4 d\u00e9cembre 2020. L\u2019en-t\u00eate du courriel doit indiquer le nom du comit\u00e9 qui les int\u00e9resse et peut contenir toute information pertinente \u00e0 l\u2019appui de la demande. Apr\u00e8s la date limite du 4 d\u00e9cembre, le personnel de CC examinera, \u00e9valuera et identifiera les personnes id\u00e9ales pour chacun des comit\u00e9s.<\/p>\n","protected":false},"featured_media":44455,"template":"","meta":{"_acf_changed":false,"advanced_seo_description":"","jetpack_seo_html_title":"","jetpack_seo_noindex":false},"sport":[83],"class_list":["post-45844","news","type-news","status-publish","has-post-thumbnail","hentry","sport-general"],"acf":[],"jetpack_sharing_enabled":true,"_links":{"self":[{"href":"https:\/\/cyclingcanada.ca\/fr\/wp-json\/wp\/v2\/news\/45844","targetHints":{"allow":["GET"]}}],"collection":[{"href":"https:\/\/cyclingcanada.ca\/fr\/wp-json\/wp\/v2\/news"}],"about":[{"href":"https:\/\/cyclingcanada.ca\/fr\/wp-json\/wp\/v2\/types\/news"}],"wp:featuredmedia":[{"embeddable":true,"href":"https:\/\/cyclingcanada.ca\/fr\/wp-json\/wp\/v2\/media\/44455"}],"wp:attachment":[{"href":"https:\/\/cyclingcanada.ca\/fr\/wp-json\/wp\/v2\/media?parent=45844"}],"wp:term":[{"taxonomy":"sport","embeddable":true,"href":"https:\/\/cyclingcanada.ca\/fr\/wp-json\/wp\/v2\/sport?post=45844"}],"curies":[{"name":"wp","href":"https:\/\/api.w.org\/{rel}","templated":true}]}}