{"id":47853,"date":"2021-04-30T08:33:30","date_gmt":"2021-04-30T12:33:30","guid":{"rendered":"https:\/\/cyclingcanada.ca\/?post_type=news&#038;p=47853"},"modified":"2021-04-30T08:33:30","modified_gmt":"2021-04-30T12:33:30","slug":"lequipe-canadienne-de-bmx-de-retour-sur-le-circuit-de-la-coupe-du-monde","status":"publish","type":"news","link":"https:\/\/cyclingcanada.ca\/fr\/news\/lequipe-canadienne-de-bmx-de-retour-sur-le-circuit-de-la-coupe-du-monde\/","title":{"rendered":"L&#8217;\u00c9QUIPE CANADIENNE DE BMX DE RETOUR SUR LE CIRCUIT DE LA COUPE DU MONDE"},"content":{"rendered":"<p><strong>Ottawa, ON (le 30 avril 2021) <\/strong><strong>\u2013<\/strong> Plus d&#8217;un an apr\u00e8s que la saison de la Coupe du monde de BMX a \u00e9t\u00e9 annul\u00e9e en raison de la COVID-19, l&#8217;\u00e9quipe canadienne de BMX s\u2019appr\u00eate \u00e0 retourner sur la piste pour les manches d&#8217;ouverture de la Coupe du Monde BMX UCI qui auront lieu \u00e0 V\u00e9rone, en Italie, les 8 et 9 mai prochain et \u00e0 Bogota, en Colombie, les 29 et 30 mai.<\/p>\n<p>Les champions nationaux \u00e9lite et espoirs olympiques James Palmer et Drew Mechielsen m\u00e8neront l&#8217;\u00e9quipe et chercheront \u00e0 garantir un quota d&#8217;une femme et d&#8217;un homme pour les Jeux d&#8217;\u00e9t\u00e9 de Tokyo. Ils seront accompagn\u00e9s de Molly Simpson, qui fera ses d\u00e9buts dans la cat\u00e9gorie \u00e9lite, ainsi que Teigen Pascual, qui a remport\u00e9 le titre de meilleure coureuse junior de l&#8217;ann\u00e9e en 2020.<\/p>\n<p>\u00ab Apr\u00e8s plus d\u2019un an d\u2019anticipation, c\u2019est extr\u00eamement excitant d\u2019avoir des coupes du monde \u00e0 l\u2019horizon, a soulign\u00e9 James Palmer. Je concours aux \u00c9tats-Unis depuis le mois janvier, mais les \u00e9preuves de la Coupe du monde sont l&#8217;apog\u00e9e de notre sport. Nous avons eu un regain d&#8217;\u00e9nergie lors de nos s\u00e9ances d&#8217;entra\u00eenement, sachant que nous avons enfin l&#8217;occasion de tester tout le travail que nous avons fait contre les meilleurs coureurs du monde.\u00a0\u00bb<\/p>\n<p><u>\u00c9quipe Canada<\/u><\/p>\n<p>Drew Mechielsen \u2013 Langley, CB [Femmes \u00e9lite]<\/p>\n<p>James Palmer \u2013 North Vancouver, CB [Hommes \u00e9lite]<\/p>\n<p>Teigen Pascual \u2013 Squamish, CB [Femmes juniors]<\/p>\n<p>Molly Simpson \u2013 Red Deer, AB [Femmes \u00e9lite]<\/p>\n","protected":false},"featured_media":47851,"template":"","meta":{"_acf_changed":false,"advanced_seo_description":"","jetpack_seo_html_title":"","jetpack_seo_noindex":false},"sport":[82],"class_list":["post-47853","news","type-news","status-publish","has-post-thumbnail","hentry","sport-bmx-fr"],"acf":[],"jetpack_sharing_enabled":true,"_links":{"self":[{"href":"https:\/\/cyclingcanada.ca\/fr\/wp-json\/wp\/v2\/news\/47853","targetHints":{"allow":["GET"]}}],"collection":[{"href":"https:\/\/cyclingcanada.ca\/fr\/wp-json\/wp\/v2\/news"}],"about":[{"href":"https:\/\/cyclingcanada.ca\/fr\/wp-json\/wp\/v2\/types\/news"}],"wp:featuredmedia":[{"embeddable":true,"href":"https:\/\/cyclingcanada.ca\/fr\/wp-json\/wp\/v2\/media\/47851"}],"wp:attachment":[{"href":"https:\/\/cyclingcanada.ca\/fr\/wp-json\/wp\/v2\/media?parent=47853"}],"wp:term":[{"taxonomy":"sport","embeddable":true,"href":"https:\/\/cyclingcanada.ca\/fr\/wp-json\/wp\/v2\/sport?post=47853"}],"curies":[{"name":"wp","href":"https:\/\/api.w.org\/{rel}","templated":true}]}}