{"id":49060,"date":"2021-08-11T11:04:33","date_gmt":"2021-08-11T15:04:33","guid":{"rendered":"https:\/\/cyclingcanada.ca\/?post_type=news&#038;p=49060"},"modified":"2021-08-16T16:42:16","modified_gmt":"2021-08-16T20:42:16","slug":"des-athletes-canadiens-vont-participer-aux-premiers-championnats-du-monde-de-bmx-en-deux-ans","status":"publish","type":"news","link":"https:\/\/cyclingcanada.ca\/fr\/news\/des-athletes-canadiens-vont-participer-aux-premiers-championnats-du-monde-de-bmx-en-deux-ans\/","title":{"rendered":"DES ATHL\u00c8TES CANADIENS VONT PARTICIPER  AUX PREMIERS CHAMPIONNATS DU MONDE DE BMX EN DEUX ANS"},"content":{"rendered":"<p><strong>Ottawa, ON (11 ao\u00fbt 2021)<\/strong> &#8211; Cyclisme Canada est heureuse d&#8217;envoyer une \u00e9quipe de cinq athl\u00e8tes aux premiers Championnats du monde de BMX de l&#8217;UCI en pr\u00e8s de deux ans, qui auront lieu du 17 au 22 ao\u00fbt \u00e0 Papendal, aux Pays-Bas.<\/p>\n<p>L&#8217;\u00e9quipe sera dirig\u00e9e par Molly Simpson dans la cat\u00e9gorie \u00e9lite et l&#8217;athl\u00e8te junior Teigen Pascual, qui ont toutes deux connu un succ\u00e8s international, Pascual ayant remport\u00e9 le prix Russ Copeland de la meilleure coureuse junior de l&#8217;ann\u00e9e en 2020. Malheureusement, les olympiens Drew Mechielsen et James Palmer ont tous deux d\u00fb se retirer quelques semaines seulement apr\u00e8s avoir particip\u00e9 \u00e0 leurs premiers Jeux olympiques en raison de blessures.<\/p>\n<p>\u00abNous avons un jeune groupe d&#8217;athl\u00e8tes pr\u00eats \u00e0 r\u00e9aliser des performances \u00e9clatantes aux Championnats du monde\u00bb, a d\u00e9clar\u00e9 Adam Muys, entra\u00eeneur en chef de BMX de Cyclisme Canada, qui ajoute : \u00abNous nous concentrons sur notre cheminement de d\u00e9veloppement pour les athl\u00e8tes et nous leur offrons une sc\u00e8ne dans laquelle ils peuvent concourir et apprendre en se mesurant aux meilleurs au monde. Nous sommes impatients de vivre une exp\u00e9rience exceptionnelle \u00e0 Papendal.\u00bb<\/p>\n<p><strong>Femmes \u00e9lites<\/strong><br \/>\nMolly Simpson \u2013 Red Deer, AB<\/p>\n<p><strong>Femmes juniors<\/strong><br \/>\nTeigen Pascual \u2013 Squamish, CB<\/p>\n<p><strong>Hommes juniors <\/strong><br \/>\nMax Ganakovski \u2013 Calgary, AB<br \/>\nJacob Shaw \u2013 Kelowna, CB<br \/>\nDylan Tremel \u2013 Calgary, AB<\/p>\n","protected":false},"featured_media":49058,"template":"","meta":{"_acf_changed":false,"advanced_seo_description":"","jetpack_seo_html_title":"","jetpack_seo_noindex":false},"sport":[82],"class_list":["post-49060","news","type-news","status-publish","has-post-thumbnail","hentry","sport-bmx-fr"],"acf":[],"jetpack_sharing_enabled":true,"_links":{"self":[{"href":"https:\/\/cyclingcanada.ca\/fr\/wp-json\/wp\/v2\/news\/49060","targetHints":{"allow":["GET"]}}],"collection":[{"href":"https:\/\/cyclingcanada.ca\/fr\/wp-json\/wp\/v2\/news"}],"about":[{"href":"https:\/\/cyclingcanada.ca\/fr\/wp-json\/wp\/v2\/types\/news"}],"wp:featuredmedia":[{"embeddable":true,"href":"https:\/\/cyclingcanada.ca\/fr\/wp-json\/wp\/v2\/media\/49058"}],"wp:attachment":[{"href":"https:\/\/cyclingcanada.ca\/fr\/wp-json\/wp\/v2\/media?parent=49060"}],"wp:term":[{"taxonomy":"sport","embeddable":true,"href":"https:\/\/cyclingcanada.ca\/fr\/wp-json\/wp\/v2\/sport?post=49060"}],"curies":[{"name":"wp","href":"https:\/\/api.w.org\/{rel}","templated":true}]}}