{"id":49156,"date":"2021-08-22T17:01:10","date_gmt":"2021-08-22T21:01:10","guid":{"rendered":"https:\/\/cyclingcanada.ca\/?post_type=news&#038;p=49156"},"modified":"2021-08-22T17:01:10","modified_gmt":"2021-08-22T21:01:10","slug":"teigen-pascual-remporte-largent-aux-championnats-du-monde-de-bmx","status":"publish","type":"news","link":"https:\/\/cyclingcanada.ca\/fr\/news\/teigen-pascual-remporte-largent-aux-championnats-du-monde-de-bmx\/","title":{"rendered":"TEIGEN PASCUAL REMPORTE L&#8217;ARGENT AUX CHAMPIONNATS DU MONDE DE BMX"},"content":{"rendered":"<p><strong>Papendal, Pays-Bas (22 ao\u00fbt 2021)<\/strong> &#8211; Apr\u00e8s avoir remport\u00e9 le prix Russ Copeland du meilleur coureuse junior de l&#8217;ann\u00e9e en 2020, Teigen Pascual a prouv\u00e9 une fois de plus qu&#8217;elle fait partie des coureuse pilotes f\u00e9minines juniors du monde en d\u00e9crochant dimanche une m\u00e9daille d&#8217;argent aux Championnats du monde de BMX \u00e0 Papendal, aux Pays-Bas.<\/p>\n<p>Pascual a commenc\u00e9 la journ\u00e9e en se qualifiant troisi\u00e8me dans les vagues, ce qui lui a permis d&#8217;acc\u00e9der directement \u00e0 la demi-finale, o\u00f9 elle a remport\u00e9 sa s\u00e9rie et s&#8217;est qualifi\u00e9e pour la finale. Dans la derni\u00e8re manche, elle a \u00e9t\u00e9 devanc\u00e9e de peu par la Fran\u00e7aise Mariane Beltrando, qui a remport\u00e9 la m\u00e9daille d&#8217;or par seulement 0,725 seconde.<\/p>\n<p>\u00abC&#8217;\u00e9tait agr\u00e9able de porter \u00e0 nouveau le maillot du Canada et de l&#8217;avoir sur le podium cette fois-ci\u00bb, a d\u00e9clar\u00e9 Pascual., qui ajoute : \u00abCe moment [gagner l&#8217;argent] signifie beaucoup pour moi. Ces deux ann\u00e9es ont \u00e9t\u00e9 difficiles, et c&#8217;est juste agr\u00e9able de voir que tout se met en place.\u00bb<\/p>\n<p>Pascual \u00e9tait accompagn\u00e9 de ses co\u00e9quipiers canadiens Max Ganakovskyy, Dylan Tremel et Jacob Shaw dans la cat\u00e9gorie des hommes juniors, ainsi que de Molly Simpson dans la cat\u00e9gorie des femmes \u00e9lites. Tous les quatre n&#8217;ont malheureusement pas acc\u00e9d\u00e9 au tour suivant.<\/p>\n<p>\u00abC&#8217;\u00e9tait vraiment rafra\u00eechissant de travailler avec un jeune groupe d&#8217;athl\u00e8tes juniors et \u00e9lites\u00bb, a d\u00e9clar\u00e9 l&#8217;entra\u00eeneur national canadien de BMX, Adam Muys, qui poursuit : \u00abLa journ\u00e9e a commenc\u00e9 un peu mal avec quelques chutes, mais ils sont remont\u00e9s sur leur v\u00e9lo et ont fait de superbes courses. C&#8217;\u00e9tait vraiment excitant \u00e0 la fin de la journ\u00e9e alors que Teigen a atteint la finale et remport\u00e9 la deuxi\u00e8me place. Je suis vraiment fier de tous les athl\u00e8tes et de voir Teigen sur le podium.\u00bb<\/p>\n<p>Les r\u00e9sultats complets des Championnats du monde de BMX sont disponibles <a href=\"https:\/\/www.tissottiming.com\/2021\/bmxwch\">ici<\/a>. Les prochaines \u00e9tapes du calendrier des courses de BMX seront les Championnats canadiens de BMX et la finale de la Coupe du Canada, qui auront lieu \u00e0 Calgary les 28 et 29 ao\u00fbt.<\/p>\n","protected":false},"featured_media":49154,"template":"","meta":{"_acf_changed":false,"advanced_seo_description":"","jetpack_seo_html_title":"","jetpack_seo_noindex":false},"sport":[82],"class_list":["post-49156","news","type-news","status-publish","has-post-thumbnail","hentry","sport-bmx-fr"],"acf":[],"jetpack_sharing_enabled":true,"_links":{"self":[{"href":"https:\/\/cyclingcanada.ca\/fr\/wp-json\/wp\/v2\/news\/49156","targetHints":{"allow":["GET"]}}],"collection":[{"href":"https:\/\/cyclingcanada.ca\/fr\/wp-json\/wp\/v2\/news"}],"about":[{"href":"https:\/\/cyclingcanada.ca\/fr\/wp-json\/wp\/v2\/types\/news"}],"wp:featuredmedia":[{"embeddable":true,"href":"https:\/\/cyclingcanada.ca\/fr\/wp-json\/wp\/v2\/media\/49154"}],"wp:attachment":[{"href":"https:\/\/cyclingcanada.ca\/fr\/wp-json\/wp\/v2\/media?parent=49156"}],"wp:term":[{"taxonomy":"sport","embeddable":true,"href":"https:\/\/cyclingcanada.ca\/fr\/wp-json\/wp\/v2\/sport?post=49156"}],"curies":[{"name":"wp","href":"https:\/\/api.w.org\/{rel}","templated":true}]}}