{"id":50624,"date":"2021-10-23T11:37:23","date_gmt":"2021-10-23T15:37:23","guid":{"rendered":"https:\/\/cyclingcanada.ca\/?post_type=news&#038;p=50624"},"modified":"2021-10-26T13:46:42","modified_gmt":"2021-10-26T17:46:42","slug":"molly-simpson-remporte-sa-premiere-medail","status":"publish","type":"news","link":"https:\/\/cyclingcanada.ca\/fr\/news\/molly-simpson-remporte-sa-premiere-medail\/","title":{"rendered":"MOLLY SIMPSON REMPORTE SA PREMI\u00c8RE M\u00c9DAILLE EN COUPE DU MONDE"},"content":{"rendered":"<p><strong>Sakarya, Turquie (23 octobre 2021) &#8211; <\/strong>\u00c0 sa premi\u00e8re ann\u00e9e de comp\u00e9tition en tant qu&#8217;athl\u00e8te d&#8217;\u00e9lite, Molly Simpson, de Red Deer, en Alberta, a remport\u00e9 une m\u00e9daille de bronze \u00e0 la cinqui\u00e8me \u00e9preuve de la Coupe du monde de BMX \u00e0 Sakarya, en Turquie. Il s&#8217;agissait de sa premi\u00e8re course internationale depuis les Championnats du monde de BMX \u00e0 la fin ao\u00fbt.<\/p>\n<p>\u00abJe me suis sentie tr\u00e8s bien\u00bb, a d\u00e9clar\u00e9 Simpson, qui poursuit : \u00abC&#8217;\u00e9tait ma premi\u00e8re finale de Coupe du monde, et j&#8217;ai r\u00e9ussi \u00e0 d\u00e9crocher une troisi\u00e8me position, donc je suis assez excit\u00e9e \u00e0 ce sujet. J&#8217;ai juste pris une course \u00e0 la fois et j&#8217;ai gard\u00e9 le rythme, et tout s&#8217;est bien pass\u00e9. C&#8217;est vraiment g\u00e9nial. Je pense que je vais prendre un morceau de g\u00e2teau pour f\u00eater \u00e7a une fois que nous serons de retour \u00e0 l&#8217;h\u00f4tel.\u00bb<\/p>\n<p>Sa co\u00e9quipi\u00e8re et m\u00e9daill\u00e9e des Championnats du monde junior, Teigen Pascual, a rat\u00e9 de peu la finale, les deux coureuses s&#8217;\u00e9tant affront\u00e9es en demi-finale. Les courses se poursuivent pour l&#8217;\u00e9quipe canadienne les 24, 30 et 31 octobre. Les r\u00e9sultats complets sont disponibles <a href=\"https:\/\/www.uci.org\/race-hub\/uci-bmx-world-cup-round-5\/5eU9IGYDNwBFE5HD7Jtl2b\">ici<\/a>.<\/p>\n","protected":false},"featured_media":50622,"template":"","meta":{"_acf_changed":false,"advanced_seo_description":"","jetpack_seo_html_title":"","jetpack_seo_noindex":false},"sport":[82],"class_list":["post-50624","news","type-news","status-publish","has-post-thumbnail","hentry","sport-bmx-fr"],"acf":[],"jetpack_sharing_enabled":true,"_links":{"self":[{"href":"https:\/\/cyclingcanada.ca\/fr\/wp-json\/wp\/v2\/news\/50624","targetHints":{"allow":["GET"]}}],"collection":[{"href":"https:\/\/cyclingcanada.ca\/fr\/wp-json\/wp\/v2\/news"}],"about":[{"href":"https:\/\/cyclingcanada.ca\/fr\/wp-json\/wp\/v2\/types\/news"}],"wp:featuredmedia":[{"embeddable":true,"href":"https:\/\/cyclingcanada.ca\/fr\/wp-json\/wp\/v2\/media\/50622"}],"wp:attachment":[{"href":"https:\/\/cyclingcanada.ca\/fr\/wp-json\/wp\/v2\/media?parent=50624"}],"wp:term":[{"taxonomy":"sport","embeddable":true,"href":"https:\/\/cyclingcanada.ca\/fr\/wp-json\/wp\/v2\/sport?post=50624"}],"curies":[{"name":"wp","href":"https:\/\/api.w.org\/{rel}","templated":true}]}}