{"id":51064,"date":"2021-11-05T08:59:01","date_gmt":"2021-11-05T12:59:01","guid":{"rendered":"https:\/\/cyclingcanada.ca\/?post_type=news&#038;p=51064"},"modified":"2021-11-05T08:59:01","modified_gmt":"2021-11-05T12:59:01","slug":"manifestations-personnelles-dinteret-pour-les-comites-operationnels-de-cyclisme-canada-3","status":"publish","type":"news","link":"https:\/\/cyclingcanada.ca\/fr\/news\/manifestations-personnelles-dinteret-pour-les-comites-operationnels-de-cyclisme-canada-3\/","title":{"rendered":"MANIFESTATIONS PERSONNELLES D\u2019INT\u00c9R\u00caT POUR LES COMIT\u00c9S OP\u00c9RATIONNELS DE CYCLISME CANADA"},"content":{"rendered":"<p><strong>Ottawa, Ontario (le 5 novembre 2021) <\/strong>\u2013 C\u2019est avec enthousiasme que Cyclisme Canada annonce l\u2019ouverture du processus de mise en candidature pour des postes de b\u00e9n\u00e9voles au sein des deux comit\u00e9s op\u00e9rationnels suivants :<\/p>\n<ul>\n<li>Le comit\u00e9 des officiels<\/li>\n<li>Le comit\u00e9 des \u00e9v\u00e9nements<\/li>\n<\/ul>\n<p>Le mandat d\u00e9taill\u00e9 et la matrice des comp\u00e9tences souhait\u00e9es pour les membres des comit\u00e9s<a href=\"https:\/\/mcusercontent.com\/7b12a252ac82491d0b985aed0\/files\/e27e2504-09dd-8ca6-752f-e146f9cb0e4e\/Comite_Opertionnels_Tor_Matrix_fr.pdf\" target=\"_blank\" rel=\"noopener\" data-cke-saved-href=\"https:\/\/mcusercontent.com\/7b12a252ac82491d0b985aed0\/files\/e27e2504-09dd-8ca6-752f-e146f9cb0e4e\/Comite_Opertionnels_Tor_Matrix_fr.pdf\">\u00a0<\/a><a href=\"https:\/\/mcusercontent.com\/7b12a252ac82491d0b985aed0\/files\/20ecfcc8-3027-b7e1-a13c-b91bcb21500e\/Comite_Opertionnels_Tor_Matrix_fr.01.pdf\" target=\"_blank\" rel=\"noopener\" data-cke-saved-href=\"https:\/\/mcusercontent.com\/7b12a252ac82491d0b985aed0\/files\/20ecfcc8-3027-b7e1-a13c-b91bcb21500e\/Comite_Opertionnels_Tor_Matrix_fr.01.pdf\">sont joints<\/a>. Le nombre de membres qui composent le comit\u00e9 varie entre quatre \u00e0 six personnes, en fonction de la capacit\u00e9 \u00e0 trouver un \u00e9chantillon repr\u00e9sentatif de comp\u00e9tences. La dur\u00e9e de chaque mandat est de deux ans, et environ la moiti\u00e9 des membres du comit\u00e9 sont s\u00e9lectionn\u00e9s chaque ann\u00e9e. Les membres du comit\u00e9 devraient en principe consacrer quelques heures par mois, principalement pour les r\u00e9unions par t\u00e9l\u00e9conf\u00e9rence, avec une ou deux r\u00e9unions par an en face \u00e0 face.<\/p>\n<p>Les personnes int\u00e9ress\u00e9es \u00e0 soumettre leur candidature sont pri\u00e9es de remplir le<a href=\"https:\/\/mcusercontent.com\/7b12a252ac82491d0b985aed0\/files\/62b47a97-0964-db5a-35dd-ecc4cdbe85db\/Event_Self_Eval_Form_FR.pdf\" target=\"_blank\" rel=\"noopener\" data-cke-saved-href=\"https:\/\/mcusercontent.com\/7b12a252ac82491d0b985aed0\/files\/62b47a97-0964-db5a-35dd-ecc4cdbe85db\/Event_Self_Eval_Form_FR.pdf\"> formulaire d&#8217;auto-\u00e9valuation du candidat \u2013 \u00e9v\u00e9nements<\/a> ou le <a href=\"https:\/\/mcusercontent.com\/7b12a252ac82491d0b985aed0\/files\/5cead4a2-9fc2-54de-5a5b-4419430c9539\/Officials_Self_Eval_Form_FR_1_.pdf\" target=\"_blank\" rel=\"noopener\" data-cke-saved-href=\"https:\/\/mcusercontent.com\/7b12a252ac82491d0b985aed0\/files\/5cead4a2-9fc2-54de-5a5b-4419430c9539\/Officials_Self_Eval_Form_FR_1_.pdf\">formulaire d&#8217;auto-\u00e9valuation du candidat \u2013 officiels<\/a> et de soumettre leur manifestation d&#8217;int\u00e9r\u00eat par <a href=\"mailto:general@cyclingcanada.ca?subject=Manifestation%20d\u2019int\u00e9r\u00eat%20pour%20le%20comit\u00e9\" data-cke-saved-href=\"mailto:general@cyclingcanada.ca?subject=Manifestation%20d\u2019int\u00e9r\u00eat%20pour%20le%20comit\u00e9\">courrier \u00e9lectronique<\/a> avant le 24 novembre 2021. L\u2019en-t\u00eate du courriel doit indiquer le nom du comit\u00e9 qui les int\u00e9resse et peut contenir toute information pertinente \u00e0 l\u2019appui de la demande.<\/p>\n","protected":false},"featured_media":51093,"template":"","meta":{"_acf_changed":false,"advanced_seo_description":"","jetpack_seo_html_title":"","jetpack_seo_noindex":false},"sport":[83],"class_list":["post-51064","news","type-news","status-publish","has-post-thumbnail","hentry","sport-general"],"acf":[],"jetpack_sharing_enabled":true,"_links":{"self":[{"href":"https:\/\/cyclingcanada.ca\/fr\/wp-json\/wp\/v2\/news\/51064","targetHints":{"allow":["GET"]}}],"collection":[{"href":"https:\/\/cyclingcanada.ca\/fr\/wp-json\/wp\/v2\/news"}],"about":[{"href":"https:\/\/cyclingcanada.ca\/fr\/wp-json\/wp\/v2\/types\/news"}],"wp:featuredmedia":[{"embeddable":true,"href":"https:\/\/cyclingcanada.ca\/fr\/wp-json\/wp\/v2\/media\/51093"}],"wp:attachment":[{"href":"https:\/\/cyclingcanada.ca\/fr\/wp-json\/wp\/v2\/media?parent=51064"}],"wp:term":[{"taxonomy":"sport","embeddable":true,"href":"https:\/\/cyclingcanada.ca\/fr\/wp-json\/wp\/v2\/sport?post=51064"}],"curies":[{"name":"wp","href":"https:\/\/api.w.org\/{rel}","templated":true}]}}