{"id":53967,"date":"2022-05-19T10:59:58","date_gmt":"2022-05-19T14:59:58","guid":{"rendered":"https:\/\/cyclingcanada.ca\/?post_type=news&#038;p=53967"},"modified":"2022-05-19T11:02:47","modified_gmt":"2022-05-19T15:02:47","slug":"lequipe-nationale-canadienne-a-des-grands-objectifs-pour-la-saison-2022-de-bmx","status":"publish","type":"news","link":"https:\/\/cyclingcanada.ca\/fr\/news\/lequipe-nationale-canadienne-a-des-grands-objectifs-pour-la-saison-2022-de-bmx\/","title":{"rendered":"L\u2019\u00c9QUIPE NATIONALE CANADIENNE A DE GRANDS OBJECTIFS POUR LA SAISON 2022 DE BMX"},"content":{"rendered":"<p><strong>Ottawa, ON (le 19 mai 2022) <\/strong>\u2013 Apr\u00e8s une saison 2021 remplie de succ\u00e8s qui a vu Drew Mechielsen se qualifier \u00e0 la finale olympique, Molly Simpson remporter sa premi\u00e8re m\u00e9daille chez les \u00e9lites en Coupe du monde et Teigen Pascual terminer deuxi\u00e8me aux Championnats du Monde UCI de BMX, l\u2019\u00e9quipe nationale a des objectifs plus grands et plus importants pour la prochaine ann\u00e9e.<\/p>\n<p>Pour la toute premi\u00e8re fois, les athl\u00e8tes pourront concourir dans la nouvelle cat\u00e9gorie U23, ce qui repr\u00e9sentera un point tournant pour les athl\u00e8tes de d\u00e9veloppement de l\u2019\u00e9quipe nationale canadienne. Simpson et Pascual seront des candidates id\u00e9ales pour monter sur le podium chez les femmes, alors que le champion canadien \u00e9lite Ryan Tougas et l\u2019ancien champion canadien junior Curtis Krey seront \u00e0 surveiller dans les comp\u00e9titions masculines. L\u2019olympien des Jeux de Tokyo 2020 James Palmer repr\u00e9sentera \u00e9galement la feuille d\u2019\u00e9rable chez les \u00e9lites, ou il compte r\u00e9aliser ses meilleures performances \u00e0 ce jour.<\/p>\n<p>\u00ab Nous avons eu de bons entra\u00eenements sur la piste \u00e0 Abbotsford cet hiver,\u00a0\u00bb a soulign\u00e9 l\u2019entra\u00eeneur de l\u2019\u00e9quipe nationale, Adam Muys. \u00ab\u00a0Nous avons un groupe d\u2019athl\u00e8tes qui sont vraiment motiv\u00e9s et qui s\u2019am\u00e9liorent \u00e0 tous les jours et nous sommes particuli\u00e8rement heureux d\u2019avoir int\u00e9gr\u00e9 sept nouveaux athl\u00e8tes juniors et U23 dans notre environnement quotidien d\u2019entra\u00eenement. Notre plus grand objectif cet ann\u00e9e est de voir nos athl\u00e8tes de l\u2019\u00e9quipe nationale passer \u00e0 un niveau sup\u00e9rieur et de remporter des m\u00e9dailles, en plus d\u2019offrir \u00e0 nos athl\u00e8tes de d\u00e9veloppement une exp\u00e9rience de comp\u00e9tition sur la sc\u00e8ne internationale.\u00a0\u00bb<\/p>\n<p>Un total de huit coupes du monde sont actuellement au calendrier, alors que chaque pays accueillera entre deux et quatre rondes. Les comp\u00e9titions d\u00e9buteront \u00e0 Glasgow, en Grande-Bretagne, \u00e0 la fin du mois de mai, avant de se poursuivre \u00e0 Papendal, aux Pays-Bas, pour ensuite se terminer \u00e0 Bogota, en Colombie, plus tard cet automne. L\u2019\u00e9quipe prendra \u00e9galement part aux Championnats du Monde UCI \u00e0 Nantes, en France, en juillet, en plus des comp\u00e9titions en sol canadien au cours de l\u2019\u00e9t\u00e9. Le calendrier complet des \u00e9v\u00e9nement se <a href=\"https:\/\/fr.uci.org\/discipline\/bmx-racing\/2IM2tidwZ8mImqzFMsFwB4\">trouve ici.<\/a><\/p>\n","protected":false},"featured_media":53963,"template":"","meta":{"_acf_changed":false,"advanced_seo_description":"","jetpack_seo_html_title":"","jetpack_seo_noindex":false},"sport":[82],"class_list":["post-53967","news","type-news","status-publish","has-post-thumbnail","hentry","sport-bmx-fr"],"acf":[],"jetpack_sharing_enabled":true,"_links":{"self":[{"href":"https:\/\/cyclingcanada.ca\/fr\/wp-json\/wp\/v2\/news\/53967","targetHints":{"allow":["GET"]}}],"collection":[{"href":"https:\/\/cyclingcanada.ca\/fr\/wp-json\/wp\/v2\/news"}],"about":[{"href":"https:\/\/cyclingcanada.ca\/fr\/wp-json\/wp\/v2\/types\/news"}],"wp:featuredmedia":[{"embeddable":true,"href":"https:\/\/cyclingcanada.ca\/fr\/wp-json\/wp\/v2\/media\/53963"}],"wp:attachment":[{"href":"https:\/\/cyclingcanada.ca\/fr\/wp-json\/wp\/v2\/media?parent=53967"}],"wp:term":[{"taxonomy":"sport","embeddable":true,"href":"https:\/\/cyclingcanada.ca\/fr\/wp-json\/wp\/v2\/sport?post=53967"}],"curies":[{"name":"wp","href":"https:\/\/api.w.org\/{rel}","templated":true}]}}