{"id":5400,"date":"2012-08-30T12:00:25","date_gmt":"2012-08-30T22:11:17","guid":{"rendered":"https:\/\/cyclingcanada.ca\/?post_type=news&amp;p=5400"},"modified":"2012-08-30T12:00:25","modified_gmt":"2012-08-30T22:11:17","slug":"5400","status":"publish","type":"news","link":"https:\/\/cyclingcanada.ca\/fr\/news\/5400\/","title":{"rendered":"CYCLISME CANADA ANNONCE LA S\u00c9LECTION CANADIENNE QUI PARTICIPERA AU SUPERCROSS DE ABBOTSFORD"},"content":{"rendered":"<p><em>Les Finales de la Coupe du monde Supercross auront lieu \u00e0 Abbotsford, du 13 au 15 septembre<\/em><\/p>\n<p>(Abbotsford, BC \u2013 le 30 ao\u00fbt\u00a02012) Cyclisme Canada est heureuse d&#8217;annoncer les athl\u00e8tes s\u00e9lectionn\u00e9s pour repr\u00e9senter le Canada aux Finales Coupe du monde Supercross BMX (SX), \u00e0 Abbotsford, en Colombie-Britannique.<\/p>\n<p>Le dernier \u00e9v\u00e9nement du circuit\u00a02012 de BMX Supercross de l\u2019Union cycliste internationale se tiendra \u00e0 Abbotsford, en Colombie-Britannique, du 13 au 15 septembre. Les athl\u00e8tes ont \u00e9t\u00e9 s\u00e9lectionn\u00e9s sur la base des r\u00e9sultats ainsi que la capacit\u00e9 d\u2019\u00eatre comp\u00e9titif au BMX SX.<em><\/em><\/p>\n<p><strong>CONTINGENT CANADIEN \u2013 BMX SUPERCROSS UCI 2012, ABBOTSFORD, CB<\/strong><\/p>\n<ul>\n<li>Tory Nyhaug (Coquitlam, CB) (Niveau 1)<\/li>\n<li>Jim Brown (Airdrie, AB) (Niveau 2)<\/li>\n<li>Connor McCormack (Kelowna, CB) (Niveau 2)<\/li>\n<\/ul>\n<p>Les athl\u00e8tes int\u00e9ress\u00e9s \u00e0 participer \u00e0 l&#8217;\u00e9v\u00e9nement doivent communiquer leur int\u00e9r\u00eat avec l&#8217;entra\u00eeneur-chef du Programme canadien de BMX Adam Muys \u00e0 <a href=\"mailto:adam.muys@cyclingcanada.ca\"><span style=\"color: #0000ff; font-family: Times New Roman;\">adam.muys@cyclingcanada.ca<\/span><\/a> \u00a0d\u2019ici le 4 septembre.<\/p>\n<p>Seuls les athl\u00e8tes de 17 ans et plus peuvent participer \u00e0 cet \u00e9v\u00e9nement. Le co\u00fbt d&#8217;inscription est de 175 $.<\/p>\n<p><span style=\"text-decoration: underline;\">S\u00e9lection 2012 \u2014 Niveaux de financement pour des \u00e9v\u00e9nements de l&#8217;\u00e9quipe canadienne<\/span><\/p>\n<ul>\n<li>Niveau\u00a01\u00a0: Les athl\u00e8tes avec des performances \u00e9prouv\u00e9es lors d&#8217;\u00e9v\u00e9nements de Coupe du monde UCI. [Top 16]<\/li>\n<li>Niveau\u00a02\u00a0: Les athl\u00e8tes ayant d\u00e9montr\u00e9 leurs aptitudes lors d&#8217;\u00e9v\u00e9nements de Coupe du monde UCI . [Top 64]<\/li>\n<li>Niveau\u00a03\u00a0: Les athl\u00e8tes ayant d\u00e9montr\u00e9 leurs aptitudes lors d&#8217;\u00e9v\u00e9nements UCI de classe 3-6. Les athl\u00e8tes qui ont d\u00e9montr\u00e9 les capacit\u00e9s d&#8217;exceller dans les courses de SX.<\/li>\n<\/ul>\n","protected":false},"featured_media":0,"template":"","meta":{"_acf_changed":false,"advanced_seo_description":"","jetpack_seo_html_title":"","jetpack_seo_noindex":false},"sport":[82],"class_list":["post-5400","news","type-news","status-publish","hentry","sport-bmx-fr"],"acf":[],"jetpack_sharing_enabled":true,"_links":{"self":[{"href":"https:\/\/cyclingcanada.ca\/fr\/wp-json\/wp\/v2\/news\/5400","targetHints":{"allow":["GET"]}}],"collection":[{"href":"https:\/\/cyclingcanada.ca\/fr\/wp-json\/wp\/v2\/news"}],"about":[{"href":"https:\/\/cyclingcanada.ca\/fr\/wp-json\/wp\/v2\/types\/news"}],"wp:attachment":[{"href":"https:\/\/cyclingcanada.ca\/fr\/wp-json\/wp\/v2\/media?parent=5400"}],"wp:term":[{"taxonomy":"sport","embeddable":true,"href":"https:\/\/cyclingcanada.ca\/fr\/wp-json\/wp\/v2\/sport?post=5400"}],"curies":[{"name":"wp","href":"https:\/\/api.w.org\/{rel}","templated":true}]}}