{"id":54950,"date":"2022-07-18T10:46:12","date_gmt":"2022-07-18T14:46:12","guid":{"rendered":"https:\/\/cyclingcanada.ca\/?post_type=news&#038;p=54950"},"modified":"2022-07-18T10:46:12","modified_gmt":"2022-07-18T14:46:12","slug":"12-athletes-de-bmx-representeront-le-canada-aux-championnats-du-monde-uci","status":"publish","type":"news","link":"https:\/\/cyclingcanada.ca\/fr\/news\/12-athletes-de-bmx-representeront-le-canada-aux-championnats-du-monde-uci\/","title":{"rendered":"12 ATHL\u00c8TES DE BMX REPR\u00c9SENTERONT LE CANADA AUX CHAMPIONNATS DU MONDE UCI"},"content":{"rendered":"<p>Ottawa, ON (le 18 juillet 2022) \u2013 Cyclisme Canada a nomm\u00e9 une \u00e9quipe de douze athl\u00e8tes juniors, U23 et \u00e9lites pour repr\u00e9senter le Canada lors des Championnats du Monde BMX UCI, qui se tiendront \u00e0 Nantes, en France, du 26 au 31 juillet.<\/p>\n<p>Suite aux championnats de 2021, lors desquels Teigen Pascual a remport\u00e9 l\u2019argent chez les femmes juniors, les athl\u00e8tes canadiens ont h\u00e2te de mettre leurs habilet\u00e9s \u00e0 l\u2019\u00e9preuve encore une fois cette ann\u00e9e. L\u2019\u00e9quipe sera compos\u00e9e de l\u2019olympien James Palmer, de la m\u00e9daill\u00e9e d\u2019or en coupe du monde Molly Simpson, du champion canadien chez les \u00e9lites Ryan Tougas, en plus des champions canadiens juniors de 2021 Teigen Pascual et Max Ganakovsky.<\/p>\n<p>\u00ab \u00c9tant le v\u00e9t\u00e9ran d\u2019une \u00e9quipe remplie de jeunes recrues, je suis bien heureux d\u2019\u00eatre s\u00e9lectionn\u00e9 pour les Championnats du monde, \u00bb a comment\u00e9 Palmer. \u00ab \u00c7a a \u00e9t\u00e9 un d\u00e9fi pour moi de retrouver le niveau de forme auquel je suis habitu\u00e9, mais je r\u00e9ussi \u00e0 m\u2019am\u00e9liorer \u00e0 chaque course et les choses augurent bien pour moi. Je suis f\u00e9brile \u00e0 l\u2019id\u00e9e d\u2019avoir l\u2019opportunit\u00e9 de courir en France \u00e0 la fin du mois. Avec l\u2019ajout r\u00e9cent de la cat\u00e9gorie U23, j\u2019ai bien h\u00e2te de voir et de supporter nos jeunes stars alors qu\u2019ils tentent de d\u00e9crocher le maillot arc-en-ciel! \u00bb<\/p>\n<p>Les classes challenge prendront part \u00e0 la comp\u00e9tition du 26 au 29 juillet, alors que les cat\u00e9gories juniors, U23 et \u00e9lites seront en action lors des qualifications et des huiti\u00e8mes de finales samedi le 30 juillet, avec les finales pr\u00e9vues le dimanche. Les r\u00e9sultats seront disponibles ici.<\/p>\n<p><strong>\u00c9quipe Canada<\/strong><br \/>\n<strong>Femmes juniors<\/strong><br \/>\nKeira Murphy \u2013 Nanaimo, BC<br \/>\nAbygale Reeve \u2013 Airdrie, AB<\/p>\n<p><strong>Hommes juniors<\/strong><br \/>\nMax Ganakovsky \u2013 Calgary, AB<br \/>\nCarson Kowaski \u2013 Innisfail, AB<br \/>\nDylan Tremel \u2013 Calgary, AB<\/p>\n<p><strong>Femmes U23<\/strong><br \/>\nTeigen Pascual \u2013 Squamish, BC<br \/>\nMolly Simpson \u2013 Red Deer, AB<\/p>\n<p><strong>Hommes U23<\/strong><br \/>\nEdouard Brisebois \u2013 Saint-Marcelline-de-Kildare, QC<br \/>\nCurtis Krey \u2013 Etobicoke, ON<br \/>\nRyan Tougas \u2013 Pitt Meadows, BC<\/p>\n<p><strong>Hommes \u00e9lites<\/strong><br \/>\nRiley Lavorato \u2013 Lethbridge, AB<br \/>\nJames Palmer \u2013 North Vancouver, BC<\/p>\n<p>Entra\u00eeneur \u2013 Adam Muys<br \/>\nEntra\u00eeneure \u2013 Daina Tuchscherer<br \/>\nM\u00e9dical \u2013 Jenn Turner<\/p>\n","protected":false},"featured_media":54948,"template":"","meta":{"_acf_changed":false,"advanced_seo_description":"","jetpack_seo_html_title":"","jetpack_seo_noindex":false},"sport":[82],"class_list":["post-54950","news","type-news","status-publish","has-post-thumbnail","hentry","sport-bmx-fr"],"acf":[],"jetpack_sharing_enabled":true,"_links":{"self":[{"href":"https:\/\/cyclingcanada.ca\/fr\/wp-json\/wp\/v2\/news\/54950","targetHints":{"allow":["GET"]}}],"collection":[{"href":"https:\/\/cyclingcanada.ca\/fr\/wp-json\/wp\/v2\/news"}],"about":[{"href":"https:\/\/cyclingcanada.ca\/fr\/wp-json\/wp\/v2\/types\/news"}],"wp:featuredmedia":[{"embeddable":true,"href":"https:\/\/cyclingcanada.ca\/fr\/wp-json\/wp\/v2\/media\/54948"}],"wp:attachment":[{"href":"https:\/\/cyclingcanada.ca\/fr\/wp-json\/wp\/v2\/media?parent=54950"}],"wp:term":[{"taxonomy":"sport","embeddable":true,"href":"https:\/\/cyclingcanada.ca\/fr\/wp-json\/wp\/v2\/sport?post=54950"}],"curies":[{"name":"wp","href":"https:\/\/api.w.org\/{rel}","templated":true}]}}