{"id":55226,"date":"2022-07-31T15:55:54","date_gmt":"2022-07-31T19:55:54","guid":{"rendered":"https:\/\/cyclingcanada.ca\/?post_type=news&#038;p=55226"},"modified":"2022-07-31T15:55:54","modified_gmt":"2022-07-31T19:55:54","slug":"molly-simpson-remporte-le-bronze-aux-championnats-du-monde-de-bmx","status":"publish","type":"news","link":"https:\/\/cyclingcanada.ca\/fr\/news\/molly-simpson-remporte-le-bronze-aux-championnats-du-monde-de-bmx\/","title":{"rendered":"MOLLY SIMPSON REMPORTE LE BRONZE AUX CHAMPIONNATS DU MONDE DE BMX"},"content":{"rendered":"<p><strong>Nantes, France (le 31 juillet 2022)<\/strong> \u2013 Lors de la derni\u00e8re journ\u00e9e de comp\u00e9titions aux Championnats du Monde de BMX \u00e0 Nantes en France, l&#8217;athl\u00e8te U23 Molly Simpson a remport\u00e9 sa premi\u00e8re m\u00e9daille en Championnat du Monde en ramenant le bronze \u00e0 la maison, \u00e0 0,81 secondes de la gagnante Malene Sorensen, du Danemark.<\/p>\n<p>\u00ab C&#8217;\u00e9tait agr\u00e9able, il faisait super beau et j&#8217;ai \u00e9t\u00e9 capable de suivre le plan qu&#8217;on s&#8217;\u00e9tait fix\u00e9s, \u00bb a comment\u00e9 Simpson. \u00ab J&#8217;ai eu beaucoup de plaisir, alors c&#8217;est mission accomplie! \u00bb<\/p>\n<p>La m\u00e9daille de Simpson confirme la belle progression de l&#8217;athl\u00e8te qui avait d\u00e9j\u00e0 remport\u00e9 trois m\u00e9dailles en Coupe du Monde &#8211; une de chaque couleur &#8211; cette saison. Non loin derri\u00e8re Simpson se trouvait sa co\u00e9quipi\u00e8re Teigen Pascual, qui cherchait \u00e0 obtenir sa seconde m\u00e9daille en Championnat du Monde apr\u00e8s avoir remport\u00e9 l&#8217;argent en 2021 chez les juniors. Pascual a termin\u00e9 \u00e0 seulement 0,856 secondes de Simpson, prenant la cinqui\u00e8me position.<\/p>\n<p>La semaine avait \u00e9t\u00e9 \u00e9prouvante pour l&#8217;\u00e9quipe de BMX, avec plusieurs athl\u00e8tes aux prises avec des soucis de sant\u00e9. L&#8217;\u00e9quipe, r\u00e9duite \u00e0 10 athl\u00e8tes, a \u00e9t\u00e9 en mesure de pers\u00e9v\u00e9rer et de prendre part aux comp\u00e9titions, avec Max Ganakovsky qui a obtenu le meilleur r\u00e9sultat chez les hommes, atteignant les huiti\u00e8mes de finale chez les hommes juniors. Le parcours de Riley Lavorato, Edouard Brisebois, Curtis Krey, Carson Kowaski, Dylan Tremel, Aby Reeve et de Keira Murphy s&#8217;est termin\u00e9 \u00e0 la premi\u00e8re ronde dans leurs cat\u00e9gories respectives.<\/p>\n<p>\u00ab Je suis vraiment content de voir Molly sur le podium, \u00bb a partag\u00e9 Adam Muys, entra\u00eeneur de l&#8217;\u00e9quipe nationale. \u00ab C&#8217;\u00e9tait super d&#8217;avoir Teigen et Molly en finale, apr\u00e8s un d\u00e9but de semaine mouvement\u00e9 lors duquel quelques uns de nos athl\u00e8tes ont re\u00e7u un r\u00e9sultat positif [\u00e0 la COVID-19]. Les gar\u00e7ons ont couru au meilleur de leurs capacit\u00e9s, mais n&#8217;ont pas \u00e9t\u00e9 en mesure d&#8217;avancer, alors on se concentre sur le d\u00e9veloppement et on continue d&#8217;avancer. \u00bb<\/p>\n<p>Tous les r\u00e9sultats des Championnats du Monde se trouvent <a href=\"https:\/\/www.uci.org\/race-hub\/2022-uci-bmx-racing-world-championships\/4eav7NNBRmROIEdKTqvLKb?tab=ucibmx-racing-world-championship18-finals\">ici.<\/a> Les athl\u00e8tes se pr\u00e9parent miantenant pour les Championnats canadiens de BMX 2022 et pour la Coupe Canada, tous deux \u00e0 Calgary les 27 et 28 ao\u00fbt prochains.<\/p>\n","protected":false},"featured_media":55224,"template":"","meta":{"_acf_changed":false,"advanced_seo_description":"","jetpack_seo_html_title":"","jetpack_seo_noindex":false},"sport":[82],"class_list":["post-55226","news","type-news","status-publish","has-post-thumbnail","hentry","sport-bmx-fr"],"acf":[],"jetpack_sharing_enabled":true,"_links":{"self":[{"href":"https:\/\/cyclingcanada.ca\/fr\/wp-json\/wp\/v2\/news\/55226","targetHints":{"allow":["GET"]}}],"collection":[{"href":"https:\/\/cyclingcanada.ca\/fr\/wp-json\/wp\/v2\/news"}],"about":[{"href":"https:\/\/cyclingcanada.ca\/fr\/wp-json\/wp\/v2\/types\/news"}],"wp:featuredmedia":[{"embeddable":true,"href":"https:\/\/cyclingcanada.ca\/fr\/wp-json\/wp\/v2\/media\/55224"}],"wp:attachment":[{"href":"https:\/\/cyclingcanada.ca\/fr\/wp-json\/wp\/v2\/media?parent=55226"}],"wp:term":[{"taxonomy":"sport","embeddable":true,"href":"https:\/\/cyclingcanada.ca\/fr\/wp-json\/wp\/v2\/sport?post=55226"}],"curies":[{"name":"wp","href":"https:\/\/api.w.org\/{rel}","templated":true}]}}