{"id":55680,"date":"2022-08-24T09:30:25","date_gmt":"2022-08-24T13:30:25","guid":{"rendered":"https:\/\/cyclingcanada.ca\/?post_type=news&#038;p=55680"},"modified":"2022-08-24T09:30:25","modified_gmt":"2022-08-24T13:30:25","slug":"calgary-accueillera-les-championnats-canadiens-de-bmx-pour-une-deuxieme-annee-consecutive","status":"publish","type":"news","link":"https:\/\/cyclingcanada.ca\/fr\/news\/calgary-accueillera-les-championnats-canadiens-de-bmx-pour-une-deuxieme-annee-consecutive\/","title":{"rendered":"CALGARY ACCUEILLERA LES CHAMPIONNATS CANADIENS DE BMX POUR UNE DEUXI\u00c8ME ANN\u00c9E CONS\u00c9CUTIVE"},"content":{"rendered":"<p><strong>Calgary, Alberta (le 24 ao\u00fbt 2022)<\/strong> \u2013 Les Championnats canadiens de BMX se tiendront \u00e0 Calgary du 27 au 28 ao\u00fbt pour une fin de semaine remplie d&#8217;action. Apr\u00e8s une \u00e9dition remplie de succ\u00e8s en 2021, les comp\u00e9titions d\u00e9buteront le samedi, avec plus de 500 participants de tous \u00e2ges et de toutes cat\u00e9gories.<\/p>\n<p>La premi\u00e8re journ\u00e9e de comp\u00e9titions mettra en vedette les athl\u00e8tes qui tenteront de s&#8217;emparer du maillot \u00e0 la feuille d&#8217;\u00e9rable chez les juniors (17-18 ans) et chez les \u00e9lites (23 ans et plus), avec l&#8217;ajout de la nouvelle cat\u00e9gorie U23 chez les hommes et chez les femmes. Des m\u00e9dailles seront \u00e9galement remises aux coureurs des cat\u00e9gories Challenge.<\/p>\n<p>Plusieurs grands noms prendront part \u00e0 la comp\u00e9tition, entre autres la m\u00e9daill\u00e9e de bronze chez les U23 lors des Championnats du Monde UCI en BMX, Molly Simpson et sa co\u00e9quipi\u00e8re Teigen Pascual, arriv\u00e9e cinqui\u00e8me aux m\u00eames Championnats. Le meneur actuel de la Coupe Canada de BMX chez les \u00e9lites, Riley Meyer-Clement sera \u00e9galement de la partie.<\/p>\n<p>\u00ab Nous sommes heureux d&#8217;accueillir les Championnats canadiens de BMX de 2022 pour une deuxi\u00e8me ann\u00e9e cons\u00e9cutive, \u00bb a comment\u00e9 l&#8217;organisateur de l&#8217;\u00e9v\u00e9nement et le pr\u00e9sident de l&#8217;association de BMX de Calgary, Jonas Tremel. \u00ab Apr\u00e8s le succ\u00e8s de l&#8217;an dernier et le taux de participation \u00e9lev\u00e9, on a bien h\u00e2te de voir ce que les athl\u00e8tes pourront faire dans chacune des cat\u00e9gories. \u00bb<\/p>\n<p>Dimanche, les athl\u00e8tes participeront \u00e0 la neuvi\u00e8me et derni\u00e8re \u00e9tape de la s\u00e9rie nationale de la Coupe Canada en BMX. Tous les d\u00e9tails de l&#8217;\u00e9v\u00e9nement se trouvent <a href=\"\/?p=50240\">ici.<\/a><\/p>\n","protected":false},"featured_media":55678,"template":"","meta":{"_acf_changed":false,"advanced_seo_description":"","jetpack_seo_html_title":"","jetpack_seo_noindex":false},"sport":[82],"class_list":["post-55680","news","type-news","status-publish","has-post-thumbnail","hentry","sport-bmx-fr"],"acf":[],"jetpack_sharing_enabled":true,"_links":{"self":[{"href":"https:\/\/cyclingcanada.ca\/fr\/wp-json\/wp\/v2\/news\/55680","targetHints":{"allow":["GET"]}}],"collection":[{"href":"https:\/\/cyclingcanada.ca\/fr\/wp-json\/wp\/v2\/news"}],"about":[{"href":"https:\/\/cyclingcanada.ca\/fr\/wp-json\/wp\/v2\/types\/news"}],"wp:featuredmedia":[{"embeddable":true,"href":"https:\/\/cyclingcanada.ca\/fr\/wp-json\/wp\/v2\/media\/55678"}],"wp:attachment":[{"href":"https:\/\/cyclingcanada.ca\/fr\/wp-json\/wp\/v2\/media?parent=55680"}],"wp:term":[{"taxonomy":"sport","embeddable":true,"href":"https:\/\/cyclingcanada.ca\/fr\/wp-json\/wp\/v2\/sport?post=55680"}],"curies":[{"name":"wp","href":"https:\/\/api.w.org\/{rel}","templated":true}]}}