{"id":56578,"date":"2022-11-09T11:07:23","date_gmt":"2022-11-09T15:07:23","guid":{"rendered":"https:\/\/cyclingcanada.ca\/?post_type=news&#038;p=56578"},"modified":"2022-11-09T11:13:17","modified_gmt":"2022-11-09T15:13:17","slug":"manifestations-personnelles-dinteret-pour-les-comites-operationnels-de-cyclisme-canada-4","status":"publish","type":"news","link":"https:\/\/cyclingcanada.ca\/fr\/news\/manifestations-personnelles-dinteret-pour-les-comites-operationnels-de-cyclisme-canada-4\/","title":{"rendered":"MANIFESTATIONS PERSONNELLES D\u2019INT\u00c9R\u00caT POUR LES COMIT\u00c9S OP\u00c9RATIONNELS DE CYCLISME CANADA"},"content":{"rendered":"<p><strong>Ottawa, Ontario (le 9 novembre 2022) <\/strong>\u2013 C\u2019est avec enthousiasme que Cyclisme Canada annonce l\u2019ouverture du processus de mise en candidature pour des postes de b\u00e9n\u00e9voles au sein des deux comit\u00e9s op\u00e9rationnels suivants :<\/p>\n<ul>\n<li>Le comit\u00e9 des \u00e9v\u00e9nements<\/li>\n<li>Le comit\u00e9 des officiels<\/li>\n<li>Le comit\u00e9 du d\u00e9veloppement des entra\u00eeneurs<\/li>\n<\/ul>\n<p>Le mandat d\u00e9taill\u00e9 et la matrice des comp\u00e9tences souhait\u00e9es pour les membres des comit\u00e9s\u00a0sont <a href=\"https:\/\/cyclingcanada.ca\/wp-content\/uploads\/2022\/10\/CC_Politique-sur-les-comite\u0301s-ope\u0301rationnels.pdf\">joints.<\/a> Les candidats int\u00e9ress\u00e9s \u00e0 se joindre aux divers comit\u00e9s doivent remplir le formulaire d&#8217;\u00e9valuation personnelle* correspondant au comit\u00e9 qui les int\u00e9resse, soit le comit\u00e9 <a href=\"https:\/\/cyclingcanada.ca\/wp-content\/uploads\/2022\/11\/CCEC-Self-Evaluation-Form-copy.pdf\">des \u00e9v\u00e9nements,<\/a> des <a href=\"https:\/\/cyclingcanada.ca\/wp-content\/uploads\/2022\/11\/CCOC-Self-Evaluation-Form-copy.pdf\">officiels<\/a> ou du <a href=\"https:\/\/cyclingcanada.ca\/wp-content\/uploads\/2022\/11\/CDC-Self-Evaluation-Form.pdf\">d\u00e9veloppement des entra\u00eeneurs<\/a> et soumettre leur int\u00e9r\u00eat par courriel \u00e0 l&#8217;adresse <a href=\"mailto:general@cyclingcanada.ca\">general@cyclingcanada.ca<\/a>.<\/p>\n<p>Les membres du comit\u00e9 seront s\u00e9lectionn\u00e9s sur une base annuelle et chaque mandat est d&#8217;une dur\u00e9e de deux ans. Le nombre de membres du comit\u00e9 est variable, en fonction de la capacit\u00e9 \u00e0 trouver un \u00e9chantillon repr\u00e9sentatif de comp\u00e9tences, selon les besoins actuels :<\/p>\n<ul>\n<li>Officiels: Quatre \u00e0 six incluant un.e pr\u00e9sident.e<\/li>\n<li>\u00c9v\u00e9nements: Quatre \u00e0 six incluant un.e pr\u00e9sident.e<\/li>\n<li>D\u00e9veloppement des entra\u00eeneurs: Quatre \u00e0 six incluant un.e pr\u00e9sident.<\/li>\n<\/ul>\n<p>Les membres du comit\u00e9 devraient en principe consacrer quelques heures par mois, principalement pour les r\u00e9unions par t\u00e9l\u00e9conf\u00e9rence, avec une ou deux r\u00e9unions par an en personne.<\/p>\n<p>Les personnes int\u00e9ress\u00e9es doivent envoyer un courriel \u00e0\u00a0<a href=\"mailto:general@cyclingcanada.ca\">general@cyclingcanada.ca<\/a>\u00a0avec pour objet \u00ab\u00a0Manifestation d\u2019int\u00e9r\u00eat pour le comit\u00e9\u00a0\u00bb avant le 25 novembre 2022. L\u2019en-t\u00eate du courriel doit indiquer le nom du comit\u00e9 qui les int\u00e9resse et peut contenir toute information pertinente \u00e0 l\u2019appui de la demande.<\/p>\n<p>Apr\u00e8s la date limite du 25 novembre, le personnel de Cyclisme Canada examinera, \u00e9valuera et identifiera les personnes id\u00e9ales pour chacun des comit\u00e9s.<\/p>\n<p>* Les formulaires seront disponibles en fran\u00e7ais sous peu<\/p>\n","protected":false},"featured_media":56576,"template":"","meta":{"_acf_changed":false,"advanced_seo_description":"","jetpack_seo_html_title":"","jetpack_seo_noindex":false},"sport":[83],"class_list":["post-56578","news","type-news","status-publish","has-post-thumbnail","hentry","sport-general"],"acf":[],"jetpack_sharing_enabled":true,"_links":{"self":[{"href":"https:\/\/cyclingcanada.ca\/fr\/wp-json\/wp\/v2\/news\/56578","targetHints":{"allow":["GET"]}}],"collection":[{"href":"https:\/\/cyclingcanada.ca\/fr\/wp-json\/wp\/v2\/news"}],"about":[{"href":"https:\/\/cyclingcanada.ca\/fr\/wp-json\/wp\/v2\/types\/news"}],"wp:featuredmedia":[{"embeddable":true,"href":"https:\/\/cyclingcanada.ca\/fr\/wp-json\/wp\/v2\/media\/56576"}],"wp:attachment":[{"href":"https:\/\/cyclingcanada.ca\/fr\/wp-json\/wp\/v2\/media?parent=56578"}],"wp:term":[{"taxonomy":"sport","embeddable":true,"href":"https:\/\/cyclingcanada.ca\/fr\/wp-json\/wp\/v2\/sport?post=56578"}],"curies":[{"name":"wp","href":"https:\/\/api.w.org\/{rel}","templated":true}]}}