{"id":57762,"date":"2023-01-24T15:07:36","date_gmt":"2023-01-24T19:07:36","guid":{"rendered":"https:\/\/cyclingcanada.ca\/?post_type=news&#038;p=57762"},"modified":"2023-01-24T15:07:36","modified_gmt":"2023-01-24T19:07:36","slug":"neuf-athletes-selectionnes-pour-les-championnats-du-monde-uci-de-esports-2023","status":"publish","type":"news","link":"https:\/\/cyclingcanada.ca\/fr\/news\/neuf-athletes-selectionnes-pour-les-championnats-du-monde-uci-de-esports-2023\/","title":{"rendered":"NEUF ATHL\u00c8TES S\u00c9LECTIONN\u00c9S POUR LES CHAMPIONNATS DU MONDE UCI DE ESPORTS 2023"},"content":{"rendered":"<p><strong>Ottawa, Ontario (le 24 janvier 2023) \u2013 <\/strong>Neuf athl\u00e8tes canadiens participeront \u00e0 la troisi\u00e8me \u00e9dition des Championnats du Monde UCI de Esport, pr\u00e9vus le 18 f\u00e9vrier 2023 sur la plateforme virtuelle Zwift.<\/p>\n<p>Le Canada s\u2019est vu attribuer un quota de quatre hommes et quatre femmes selon le syst\u00e8me de qualification de l\u2019UCI, et une autre athl\u00e8te s&#8217;est qualifi\u00e9e directement dans le cadre d\u2019\u00e9preuves de qualification continentales tenues en novembre 2022.<\/p>\n<p><strong>\u00a0<\/strong>L&#8217;\u00e9quipe f\u00e9minine sera compos\u00e9e de la championne canadienne sur route chez les ma\u00eetres, Jos\u00e9e Rossignol, des cyclistes sur route Megan Rathwell et Myriam Paquet ainsi que la coureuse sur route Mairen Lawson. Elles seront accompagn\u00e9es de la sp\u00e9cialiste de Esport, Monilee Keller, qui s&#8217;est qualifi\u00e9e gr\u00e2ce aux qualifications continentales.<\/p>\n<p><strong>\u00a0<\/strong>Chez les hommes, le pilote de paracyclisme et Paralympien Jean-Michel Lachance sera \u00e0 surveiller, en plus du champion canadien de Esports de 2019, Warren Muir ainsi que l&#8217;athl\u00e8te professionnel de Esport, Thomas Thrall. Ils seront accompagn\u00e9s de Travis Samuel, connu pour sa sortie de 24 heures sur Zwift en 2020, r\u00e9alis\u00e9e pour une lev\u00e9e de fonds.<\/p>\n<p><strong>\u00a0<\/strong>\u00ab Avec le climat hivernal du Canada, c&#8217;est sans surprise que nous sommes une nation qui se d\u00e9marque dans la communaut\u00e9 virtuelle, nous serons en mesure de mettre de l&#8217;avant une \u00e9quipe exceptionnelle pour les Championnats, \u00bb a comment\u00e9 le m\u00e9daill\u00e9 paralympique Tristen Chernove, qui agira \u00e0 titre de directeur sportif pour l&#8217;\u00e9v\u00e9nement. \u00ab Nous avons un beau m\u00e9lange d&#8217;athl\u00e8tes cette ann\u00e9e, de v\u00e9t\u00e9rans qui \u00e9taient pr\u00e9sents l&#8217;an dernier \u00e0 des athl\u00e8tes s\u00e9lectionn\u00e9s pour la premi\u00e8re fois qui sont tous issus de disciplines cyclistes vari\u00e9es. \u00bb<\/p>\n<p>Les hommes et les femmes courront le 18 f\u00e9vrier sous un nouveau format, compos\u00e9 de trois \u00e9v\u00e9nements courts et explosifs : le Punch, le Climb et le Podium. Tous les d\u00e9tails peuvent \u00eatre trouv\u00e9s <a href=\"https:\/\/www.uci.org\/competition-hub\/2023-uci-cycling-esports-world-championships\/01Iz6kvR0ZF2UOwTzNpPER\">ici<\/a>. Les deux courses seront diffus\u00e9es virtuellement, plus de d\u00e9tails seront disponibles sous peu sur le <a href=\"https:\/\/www.uci.org\/competition-hub\/2023-uci-cycling-esports-world-championships\/01Iz6kvR0ZF2UOwTzNpPER\">site web de l&#8217;UCI.<\/a><\/p>\n<p><strong>\u00c9quipe f\u00e9minine<br \/>\n<\/strong>Mairen Lawson \u2013 Grande Praire, AB<br \/>\nMegan Rathwell \u2013 Victoria, BC<br \/>\nMyriam Paquet \u2013 Montr\u00e9al, QC<br \/>\nMonilee Keller \u2013 Redmond, WA<br \/>\nJos\u00e9e Rossignol \u2013 Victoriaville, QC<\/p>\n<p><strong>\u00c9quipe masculine<br \/>\n<\/strong>Jean-Michel Lachance \u2013 Qu\u00e9bec, QC<br \/>\nTravis Samuel \u2013 Peterborough, ON<br \/>\nWarren Muir \u2013 Calgary, AB<br \/>\nThomas Thrall \u2013 Nashville, TN<\/p>\n","protected":false},"featured_media":57766,"template":"","meta":{"_acf_changed":false,"advanced_seo_description":"","jetpack_seo_html_title":"","jetpack_seo_noindex":false},"sport":[105],"class_list":["post-57762","news","type-news","status-publish","has-post-thumbnail","hentry","sport-esport-2"],"acf":[],"jetpack_sharing_enabled":true,"_links":{"self":[{"href":"https:\/\/cyclingcanada.ca\/fr\/wp-json\/wp\/v2\/news\/57762","targetHints":{"allow":["GET"]}}],"collection":[{"href":"https:\/\/cyclingcanada.ca\/fr\/wp-json\/wp\/v2\/news"}],"about":[{"href":"https:\/\/cyclingcanada.ca\/fr\/wp-json\/wp\/v2\/types\/news"}],"wp:featuredmedia":[{"embeddable":true,"href":"https:\/\/cyclingcanada.ca\/fr\/wp-json\/wp\/v2\/media\/57766"}],"wp:attachment":[{"href":"https:\/\/cyclingcanada.ca\/fr\/wp-json\/wp\/v2\/media?parent=57762"}],"wp:term":[{"taxonomy":"sport","embeddable":true,"href":"https:\/\/cyclingcanada.ca\/fr\/wp-json\/wp\/v2\/sport?post=57762"}],"curies":[{"name":"wp","href":"https:\/\/api.w.org\/{rel}","templated":true}]}}