{"id":6397,"date":"2012-10-05T14:22:43","date_gmt":"2012-10-05T18:21:51","guid":{"rendered":"https:\/\/cyclingcanada.ca\/?post_type=news&amp;p=6397"},"modified":"2012-10-05T14:22:43","modified_gmt":"2012-10-05T18:21:51","slug":"la-route-vers-rio-2016-debute-le-26-octobre-a-toronto-avec-une-celebration-du-cyclisme-canadien","status":"publish","type":"news","link":"https:\/\/cyclingcanada.ca\/fr\/news\/la-route-vers-rio-2016-debute-le-26-octobre-a-toronto-avec-une-celebration-du-cyclisme-canadien\/","title":{"rendered":"LA ROUTE VERS RIO 2016 D\u00c9BUTE LE 26 OCTOBRE \u00c0 TORONTO AVEC UNE C\u00c9L\u00c9BRATION DU CYCLISME CANADIEN"},"content":{"rendered":"<p><em>Cyclisme Canada ouvre son prochain cycle quadriennal avec la vision de monter sur la plus haute marche du podium en 2016 <\/em><\/p>\n<p>(Ottawa, ON \u2013 le 5 octobre\u00a02012) Cyclisme Canada, l&#8217;organisme dirigeant le cyclisme de comp\u00e9tition au Canada, donne son coup d&#8217;envoi du nouveau cycle olympique avec style, organisant une c\u00e9l\u00e9bration du cyclisme \u00e0 Toronto le 26 octobre, une soir\u00e9e qui mettra en vedette certains des meilleurs athl\u00e8tes du Canada, des entra\u00eeneurs et des anciens cyclistes.<\/p>\n<p>Des dizaines de vedettes du cyclisme canadien et quelques anciens des \u00e9quipes cyclistes canadiennes se rencontreront \u00e0 Toronto le 26 octobre pour cette excitante soir\u00e9e qui vise \u00e0 c\u00e9l\u00e9brer les succ\u00e8s des \u00e9quipes cyclistes canadiennes sur la sc\u00e8ne internationale au cours des quatre derni\u00e8res ann\u00e9es, ainsi que pour donner le coup d&#8217;envoi du prochain cycle olympique dans lequel Canada vise \u00e0 accro\u00eetre ses performances de m\u00e9dailles des Jeux de 2012 disput\u00e9s \u00e0 Londres.<\/p>\n<p>\u00ab\u00a0Nous sommes ravis de lancer notre route vers Rio 2016 avec ce qui promet d&#8217;\u00eatre un \u00e9v\u00e9nement magnifique \u00e0 Toronto, ON, ce prochain 26 octobre. Les amateurs de v\u00e9lo de partout au Canada, en particulier dans la grande r\u00e9gion de Toronto, auront une occasion unique de se m\u00ealer aux meilleurs cyclistes canadiens, aux entra\u00eeneurs de l&#8217;\u00e9quipe canadienne et avec les anciennes vedettes du cyclisme canadien \u2014 le tout sous un m\u00eame toit. Ces derniers Jeux olympiques \u00e0 Londres ont inspir\u00e9 notre grande nation, et a confirm\u00e9 que nous sommes sur la bonne voie pour devenir l&#8217;une des meilleures nations cyclistes dans le monde d&#8217;ici 2020 et au-del\u00e0\u00a0\u00bb, a d\u00e9clar\u00e9 <strong>Greg Mathieu<\/strong>, chef de la direction et secr\u00e9taire g\u00e9n\u00e9ral de Cyclisme Canada.<\/p>\n<p>Parmi les invit\u00e9s confirm\u00e9s \u00e0 ce jour sont\u00a0: la championne du monde <strong>Catharine Pendrel<\/strong>, la triple championne du monde <strong>Tara Whitten<\/strong>, l\u2019\u00e9quipe canadienne de poursuite par \u00e9quipe f\u00e9minine qui a remport\u00e9 la m\u00e9daill\u00e9e olympique de bronze compos\u00e9 de Whitten, <strong>Jasmin Glaesser<\/strong>, <strong>Gillian Carleton<\/strong> et <strong>Laura Brown<\/strong>, la double m\u00e9daill\u00e9e olympique en cyclisme et l\u00e9gendaire athl\u00e8te olympique <strong>Clara Hughes<\/strong>, la m\u00e9daill\u00e9e d\u2019or paralympique de 2012 et deux fois championne du monde <strong>Robbi Weldon<\/strong>, la m\u00e9daill\u00e9e de bronze paralympique de 2012 <strong>Marie-Claude Molnar<\/strong>, la quadruple Championne du monde et Championne de Coupe du monde UCI en Paracyclisme Route <strong>Marie-\u00c8ve \u200b\u200bCroteau<\/strong>, Les Olympiens <strong>Monique Sullivan<\/strong> et <strong>Joseph Veloce<\/strong> ainsi que les Paralympiens <strong>Shelley Gautier<\/strong>, <strong>Brayden McDougall<\/strong>, <strong>Jaye Milley<\/strong>, <strong>Robert Labb\u00e9<\/strong>, la pilote <strong>\u00c9milie Roy<\/strong> et <strong>Dominique Mainguy<\/strong>.<\/p>\n<p>Certains entra\u00eeneurs de premier plan devraient \u00e9galement \u00eatre pr\u00e9sents, comme l&#8217;entra\u00eeneur-chef des \u00e9quipes cyclistes du Canada et Directeur de haute performance <strong>Jacques Landry<\/strong>, l\u2019ancienne Championne du monde en piste <strong>Tanya Dubnicoff<\/strong>, qui a men\u00e9 l&#8217;\u00e9quipe canadienne f\u00e9minine de poursuite vers la m\u00e9daille de bronze lors des r\u00e9cents Jeux olympiques, le gourou de BMX et de l&#8217;entra\u00eeneur-chef l&#8217;\u00e9quipe canadienne <strong>Adam Muys<\/strong>, ainsi que l&#8217;entra\u00eeneur-chef de l\u2019\u00e9quipe canadienne de paracyclisme et le l\u00e9gendaire <strong>\u00c9ric Van Den Eynde<\/strong>.<\/p>\n<p>Plus d&#8217;athl\u00e8tes et anciens athl\u00e8tes de grande envergure devraient ajouter leurs noms \u00e0 cette liste dans les prochains jours pour cet \u00e9v\u00e9nement qui r\u00e9unira les plus grandes vedettes du cyclisme canadien sous un m\u00eame toit pour une passionnante soir\u00e9e de c\u00e9l\u00e9bration qui promet d\u2019\u00eatre excellente.<\/p>\n<p>Mathieu ajoute\u00a0: \u00ab\u00a0Sans le soutien de notre communaut\u00e9 cycliste dans son ensemble, y compris nos athl\u00e8tes de classe mondiale, nos entra\u00eeneurs, nos administrateurs, nos officiels, nos partenaires financiers et des futurs partenaires, ainsi qu&#8217;avec le soutien continu du Club Cyclisme Canada et le groupe Vision 2020, notre objectif ambitieux de devenir l\u2019une des meilleures nations cyclistes au monde ne serait pas possible. Nous sommes tr\u00e8s reconnaissants pour leur soutien continu.\u00a0\u00bb<\/p>\n<p>L&#8217;\u00e9v\u00e9nement aura lieu le 26 octobre au Loft Arcadian \u00e0 Toronto. Les billets sont seulement 50\u00a0$ et peuvent \u00eatre achet\u00e9s ici\u00a0: <a href=\"http:\/\/www.issmembership.com\/oca\/events\/2012-10-26_Celebration_of_Excellence_October_26\/register.asp?volunteer=0\"><span style=\"color: #0000ff;\">http:\/\/www.issmembership.com\/oca\/events\/2012-10-26_Celebration_of_Excellence_October_26\/register.asp?volunteer=0<\/span><\/a><\/p>\n<p>Pour plus d\u2019information sur cet \u00e9v\u00e9nement, veuillez visiter <a href=\"https:\/\/cyclingcanada.ca\/\"><span style=\"color: #0000ff;\">cyclingcanada.ca<\/span><\/a>.<\/p>\n","protected":false},"featured_media":0,"template":"","meta":{"_acf_changed":false,"advanced_seo_description":"","jetpack_seo_html_title":"","jetpack_seo_noindex":false},"sport":[82],"class_list":["post-6397","news","type-news","status-publish","hentry","sport-bmx-fr"],"acf":[],"jetpack_sharing_enabled":true,"_links":{"self":[{"href":"https:\/\/cyclingcanada.ca\/fr\/wp-json\/wp\/v2\/news\/6397","targetHints":{"allow":["GET"]}}],"collection":[{"href":"https:\/\/cyclingcanada.ca\/fr\/wp-json\/wp\/v2\/news"}],"about":[{"href":"https:\/\/cyclingcanada.ca\/fr\/wp-json\/wp\/v2\/types\/news"}],"wp:attachment":[{"href":"https:\/\/cyclingcanada.ca\/fr\/wp-json\/wp\/v2\/media?parent=6397"}],"wp:term":[{"taxonomy":"sport","embeddable":true,"href":"https:\/\/cyclingcanada.ca\/fr\/wp-json\/wp\/v2\/sport?post=6397"}],"curies":[{"name":"wp","href":"https:\/\/api.w.org\/{rel}","templated":true}]}}