{"id":65053,"date":"2024-05-09T13:40:40","date_gmt":"2024-05-09T17:40:40","guid":{"rendered":"https:\/\/cyclingcanada.ca\/?post_type=news&#038;p=65053"},"modified":"2024-05-09T14:11:12","modified_gmt":"2024-05-09T18:11:12","slug":"le-canada-se-prepare-pour-les-championnats-du-monde-de-bmx-a-rockhill","status":"publish","type":"news","link":"https:\/\/cyclingcanada.ca\/fr\/news\/le-canada-se-prepare-pour-les-championnats-du-monde-de-bmx-a-rockhill\/","title":{"rendered":"LE CANADA SE PR\u00c9PARE POUR LES CHAMPIONNATS DU MONDE DE BMX \u00c0 ROCK HILL"},"content":{"rendered":"<p><strong>Ottawa, ON (9 mai 2024)<\/strong> \u2013 Cyclisme Canada envoie une \u00e9quipe de 12 athl\u00e8tes pour participer aux Championnats du monde UCI de BMX Racing 2024 \u00e0 Rock Hill, aux \u00c9tats-Unis, du 12 au 16 mai.<\/p>\n<p>Apr\u00e8s avoir obtenu deux quatri\u00e8mes places lors des premi\u00e8res manches de la s\u00e9rie de la Coupe du monde UCI de BMX Course, la m\u00e9daill\u00e9e d&#8217;argent des Jeux panam\u00e9ricains de Santiago 2023, Molly Simpson, s&#8217;alignera avec un objectif pr\u00e9cis en t\u00eate.<\/p>\n<p>\u00ab\u00a0Les Jeux olympiques de Paris 2024 sont en vue\u00bb, a d\u00e9clar\u00e9 Simpson.\u00a0\u00ab\u00a0J&#8217;aborde les Championnats du monde avec l&#8217;objectif de rouler en douceur et en concentration, ce qui m&#8217;aidera pour Paris, car la piste olympique est grande et technique. Je veux aussi m&#8217;impr\u00e9gner de l&#8217;atmosph\u00e8re, car l&#8217;ambiance sera proche de celle des Jeux Olympiques, tout en me gardant sous contr\u00f4le et dans le moment pr\u00e9sent.\u00a0\u00bb<\/p>\n<p>Elle sera accompagn\u00e9e de ses coll\u00e8gues champions canadiens Ryan Tougas (hommes \u00e9lite) et Thomas Jodoin (hommes U23), ainsi que de la championne canadienne junior de 2023, Keira Murphy, qui vise maintenant le succ\u00e8s dans la cat\u00e9gorie U23.<\/p>\n<p>Emily Bell, Victoria Dub\u00e9 et Ryley Cofield feront leurs d\u00e9buts aux Championnats du monde dans la cat\u00e9gorie junior, aux c\u00f4t\u00e9s de leurs co\u00e9quipiers Thessalie Bruneau et Andrew Colling.<\/p>\n<p>Plus de 300 athl\u00e8tes \u00e2g\u00e9s de 8 \u00e0 62 ans participeront aux Championnats du monde BMX Challenge, qui d\u00e9buteront le 10 mai. Les comp\u00e9titions pour les classes UCI d\u00e9buteront le 12 mai et se poursuivront tout au long de la semaine. Toutes les informations, y compris les listes de d\u00e9part et le chronom\u00e9trage en direct, sont disponibles <a href=\"https:\/\/fr.uci.org\/competition-hub\/championnats-du-monde-bmx-racing-uci-2024\/6tB5hPPfwJk3sLro5V8P35\" target=\"_blank\" rel=\"noopener\">ici.<\/a><\/p>\n<p><strong>\u00c9quipe Canada\u00a0<\/strong><br \/>\n<strong>Femmes juniors\u00a0<\/strong><br \/>\nEmily Bell \u2013 Nanoose Bay, BC<br \/>\nThessalie Bruneau \u2013 La Tuque, QC<br \/>\nVictoria Dub\u00e9 \u2013 Saint-Jean-sur-Richelieu, QC<\/p>\n<p><strong>Hommes juniors\u00a0<\/strong><br \/>\nRyley Cofield \u2013 Nanaimo, BC<br \/>\nAndrew Colling \u2013 Kingston, ON<\/p>\n<p><strong>Femmes U23\u00a0<\/strong><br \/>\nKeira Murphy \u2013 Nanaimo, BC<br \/>\nAbygale Reeve \u2013 Airdrie, AB<\/p>\n<p><strong>Hommes U23\u00a0<\/strong><br \/>\nThomas Jodoin \u2013 Trois-Rivi\u00e8res, QC<br \/>\nDylan Tremel \u2013 Calgary, AB<\/p>\n<p><strong>Femmes \u00e9lites\u00a0<\/strong><br \/>\nMolly Simpson \u2013 Red Deer, AB<\/p>\n<p><strong>Hommes \u00e9lites \u00a0<\/strong><br \/>\nRyan Tougas \u2013 Pitt Meadows, BC<br \/>\nRiley Meyer-Clement \u2013 Boischatel, QC<\/p>\n","protected":false},"featured_media":65055,"template":"","meta":{"_acf_changed":false,"advanced_seo_description":"","jetpack_seo_html_title":"","jetpack_seo_noindex":false},"sport":[82],"class_list":["post-65053","news","type-news","status-publish","has-post-thumbnail","hentry","sport-bmx-fr"],"acf":[],"jetpack_sharing_enabled":true,"_links":{"self":[{"href":"https:\/\/cyclingcanada.ca\/fr\/wp-json\/wp\/v2\/news\/65053","targetHints":{"allow":["GET"]}}],"collection":[{"href":"https:\/\/cyclingcanada.ca\/fr\/wp-json\/wp\/v2\/news"}],"about":[{"href":"https:\/\/cyclingcanada.ca\/fr\/wp-json\/wp\/v2\/types\/news"}],"wp:featuredmedia":[{"embeddable":true,"href":"https:\/\/cyclingcanada.ca\/fr\/wp-json\/wp\/v2\/media\/65055"}],"wp:attachment":[{"href":"https:\/\/cyclingcanada.ca\/fr\/wp-json\/wp\/v2\/media?parent=65053"}],"wp:term":[{"taxonomy":"sport","embeddable":true,"href":"https:\/\/cyclingcanada.ca\/fr\/wp-json\/wp\/v2\/sport?post=65053"}],"curies":[{"name":"wp","href":"https:\/\/api.w.org\/{rel}","templated":true}]}}