{"id":6550,"date":"2012-10-24T16:40:43","date_gmt":"2012-10-24T20:44:38","guid":{"rendered":"https:\/\/cyclingcanada.ca\/?post_type=news&amp;p=6550"},"modified":"2012-10-24T16:40:43","modified_gmt":"2012-10-24T20:44:38","slug":"cyclisme-canada-fete-une-saison-2012-tres-reussie","status":"publish","type":"news","link":"https:\/\/cyclingcanada.ca\/fr\/news\/cyclisme-canada-fete-une-saison-2012-tres-reussie\/","title":{"rendered":"CYCLISME CANADA F\u00caTE UNE SAISON 2012 TR\u00c8S R\u00c9USSIE"},"content":{"rendered":"<p><em>Cyclisme Canada va organiser une \u00abC\u00e9l\u00e9bration du cyclisme de Beijing \u00e0 Londres\u00bb, ainsi que son assembl\u00e9e g\u00e9n\u00e9rale annuelle en fin de semaine \u00e0 Toronto<\/em><\/p>\n<p>(Ottawa, ON \u2013 le 24 octobre 2012) &#8211; Cyclisme Canada va conclure une autre saison exceptionnelle durant laquelle les cyclistes canadiens, aid\u00e9s de leur personnel de soutien, ont r\u00e9alis\u00e9 de nombreux exploits, tant en comp\u00e9tition que hors comp\u00e9tition.<\/p>\n<p>La collectivit\u00e9 canadienne du cyclisme va donc se r\u00e9unir de vendredi \u00e0 dimanche \u00e0 Toronto, pour f\u00eater les succ\u00e8s de la saison qui vient de s&#8217;\u00e9couler, et tenir des d\u00e9bats visant \u00e0 renforcer le cyclisme au pays, dans l&#8217;optique d&#8217;assurer que le Canada devienne un chef de file mondial du cyclisme d&#8217;ici \u00e0 2020 et au-del\u00e0.\u00a0 Les discussions porteront notamment sur des domaines essentiels comme la haute performance, le d\u00e9veloppement des jeunes cyclistes dans le cadre du d\u00e9veloppement \u00e0 long terme de l&#8217;athl\u00e8te (DLTA), la lutte constante contre le dopage en cyclisme, la formation des officiels et des entra\u00eeneurs, et les r\u00e8glements \u00e0 l&#8217;\u00e9chelle du pays.<\/p>\n<p>Pour le cyclisme canadien, la saison 2012 a \u00e9t\u00e9 marqu\u00e9e par de nombreuses r\u00e9ussites dans tous les sports cyclistes, qui nous ont fait vivre des moments m\u00e9morables comme :<\/p>\n<ul>\n<li>la victoire historique au <em>Giro d\u2019Italia<\/em> du cycliste Canadien Ryder Hesjedal;<\/li>\n<li>la m\u00e9daille olympique remport\u00e9e par notre \u00e9quipe f\u00e9minine de poursuite aux Jeux olympiques de Londres de 2012;<\/li>\n<li>la m\u00e9daille de bronze remport\u00e9e par Svein Tuft au contre-la-montre par \u00e9quipe lors des Championnats du monde;<\/li>\n<li>la sixi\u00e8me participation de la l\u00e9gendaire Clara Hughes aux Jeux olympiques;<\/li>\n<li>les trois m\u00e9dailles remport\u00e9es par l&#8217;\u00e9quipe canadienne de piste au Championnat du monde, soit le plus \u00e9lev\u00e9 total de l&#8217;histoire pour le Canada;<\/li>\n<li>l&#8217;excellente troisi\u00e8me place de Jo\u00eblle Numainville au Tour des Flandres, une \u00e9preuve de la Coupe du monde de l&#8217;UCI;<\/li>\n<li>le titre de championne de la Coupe monde de l&#8217;UCI de Catharine Pendrel, acquis gr\u00e2ce \u00e0 ses trois victoires \u00e0 des \u00e9preuves de la Coupe du monde, ainsi que les trois premiers podiums de Emily Batty;<\/li>\n<li>le meilleur r\u00e9sultat canadien du c\u00f4t\u00e9 masculin en v\u00e9lo de montagne aux Jeux olympiques, soit une huiti\u00e8me place de la part de Geoff Kabush;<\/li>\n<li>quatre coureurs terminant parmi les dix premiers de leur \u00e9preuve au Championnat du monde junior de piste;<\/li>\n<li>cinq m\u00e9dailles sur la piste et deux autres sur la route au Championnat panam\u00e9ricain de cyclisme de 2012 de l&#8217;UCI;<\/li>\n<li>dix r\u00e9sultats parmi les cinq premiers de la part d&#8217;un cycliste canadien \u00e0 des \u00e9preuves de la Coupe du monde de v\u00e9lo de montagne;<\/li>\n<li>la premi\u00e8re victoire canadienne de l&#8217;histoire en Coupe du monde de descente de v\u00e9lo de montagne, r\u00e9alis\u00e9e par Steve Smith;<\/li>\n<li>la m\u00e9daille de bronze de Steve Smith \u00e0 la descente du Championnat du monde de v\u00e9lo de montagne;<\/li>\n<li>le titre de championne du monde junior de descente de Holly Feniak, obtenu au Championnat du monde de v\u00e9lo de montagne;<\/li>\n<li>la quatri\u00e8me place de Hugo Houle \u00e0 la course sur route des moins de 23 ans du Championnat du monde;<\/li>\n<li>la m\u00e9daille d&#8217;or paralympique de Robbi Weldon et Lyne Bessette, \u00e0 la course sur route f\u00e9minine B;<\/li>\n<li>la m\u00e9daille paralympique de Marie-Claude Molnar au contre-la-montre;<\/li>\n<li>les trois m\u00e9dailles de l&#8217;\u00e9quipe canadienne de paracyclisme au Championnat du monde de piste;<\/li>\n<li>les sept titres de Coupe du monde Paracycliste UCI, repr\u00e9sentant 28% des titres disponibles; et<\/li>\n<li>le total impressionnant de 26 victoires en Coupe du monde de la part des paracyclistes canadiens.<\/li>\n<\/ul>\n<p>\u00abLes r\u00e9sultats obtenus, au cours de la saison qui vient de s&#8217;\u00e9couler, par nos cyclistes canadiens sur la sc\u00e8ne internationale, et notamment aux \u00e9preuves de la Coupe du monde, aux Championnats du monde et aux Jeux olympiques et paralympiques, nous font immens\u00e9ment plaisir.\u00a0 Nous avons connu un plan quadriennal 2009-2012 tr\u00e8s r\u00e9ussi, et nous allons encore renforcer nos programmes afin de mieux servir les athl\u00e8tes qui repr\u00e9sentent le Canada en comp\u00e9tition internationale\u00bb a d\u00e9clar\u00e9 <strong>Jacques Landry<\/strong>, directeur de la haute performance de Cyclisme Canada.\u00a0 \u00abIl est important de remercier tous ceux et celles qui ont contribu\u00e9, directement ou indirectement, aux programmes de ces athl\u00e8tes et qui les ont aid\u00e9s \u00e0 obtenir de bons r\u00e9sultats.\u00a0 Nous avons en effet un fort contingent de professionnels, de toutes sortes de domaines, qui travaillent sans rel\u00e2che pour aider nos athl\u00e8tes, et ils m\u00e9ritent tous notre reconnaissance.\u00bb<\/p>\n<p>Mis \u00e0 part les excellents r\u00e9sultats sportifs de nos cyclistes, du c\u00f4t\u00e9 administratif, en coulisses et notamment \u00e0 son si\u00e8ge social, Cyclisme Canada a \u00e9galement r\u00e9alis\u00e9 de nombreuses r\u00e9ussites.\u00a0 Ces progr\u00e8s administratifs et sur le plan domestique jouent un grand r\u00f4le dans la r\u00e9ussite et la croissance \u00e0 long terme du cyclisme au Canada.\u00a0 Parmi ces progr\u00e8s, notons :<\/p>\n<ul>\n<li>l&#8217;intensification des efforts d&#8217;\u00e9ducation en mati\u00e8re de dopage, notamment par l&#8217;entremise du programme Roulez gagnants au naturel!;<\/li>\n<li>les pressions pour que la construction d&#8217;un v\u00e9lodrome permanent soit approuv\u00e9e \u00e0 l&#8217;occasion des Jeux panam\u00e9ricains de 2015, dans la grande r\u00e9gion de Toronto;<\/li>\n<li>l&#8217;organisation r\u00e9ussie de neuf championnats canadiens, dans tous les sports cyclistes, y compris le premier Championnat canadien de marathon de v\u00e9lo de montagne;<\/li>\n<li>la nomination de quatre nouveaux commissaires nationaux;<\/li>\n<li>le lancement de la premi\u00e8re Coupe Canada de BMX, avec cinq \u00e9preuves au calendrier canadien;<\/li>\n<li>l&#8217;intensification des relations corporatives avec des partenaires du monde du cyclisme et de l&#8217;ext\u00e9rieur de notre sport;<\/li>\n<li>la pr\u00e9sentation d&#8217;occasions corporatives \u00e0 l&#8217;occasion des Jeux olympiques;<\/li>\n<li>l&#8217;augmentation des activit\u00e9s de d\u00e9veloppement des affaires, et des plans de Vision 2020;<\/li>\n<li>la mise en place d&#8217;une entente de licence relative \u00e0 la vente d&#8217;une ligne compl\u00e8te de produits de Cyclisme Canada;<\/li>\n<li>la collaboration avec Sportsnet dans le but d&#8217;augmenter la couverture t\u00e9l\u00e9vis\u00e9e des propri\u00e9t\u00e9s de l&#8217;UCI;<\/li>\n<li>l&#8217;augmentation de la port\u00e9e m\u00e9diatique du cyclisme dans les m\u00e9dias traditionnels et dans les nouveaux m\u00e9dias, si bien qu&#8217;elle atteint maintenant de nouveaux sommets;<\/li>\n<li>le renouvellement de l&#8217;image de marque et de l&#8217;identit\u00e9 visuelle de Cyclisme Canada;<\/li>\n<li>le lancement d&#8217;une importante initiative de planification strat\u00e9gique; et<\/li>\n<li>le fait d&#8217;avoir boucl\u00e9 l&#8217;exercice avec un exc\u00e9dent pour la cinqui\u00e8me ann\u00e9e cons\u00e9cutive.<\/li>\n<\/ul>\n<p>\u00abLes membres de notre conseil d&#8217;administration et notre personnel administratif continuent \u00e0 exceller quotidiennement dans leurs t\u00e2ches.\u00a0 Cette ann\u00e9e, nous avons r\u00e9ussi \u00e0 atteindre une longue liste d&#8217;objectifs, mais sans le travail acharn\u00e9 et le d\u00e9vouement sans bornes de tous les membres de la collectivit\u00e9 du cyclisme, des b\u00e9n\u00e9voles des courses aux membres des comit\u00e9s administratifs, en passant par notre r\u00e9seau d\u00e9vou\u00e9 et passionn\u00e9 d&#8217;associations provinciales et territoriales, le cyclisme n&#8217;aurait pas pu jouir de la croissance qu&#8217;il a connue.\u00a0 Nous devons poursuivre notre effort collectif, dans l&#8217;optique de devenir un chef de file mondial du cyclisme d&#8217;ici 2020 et au-del\u00e0\u00bb d&#8217;expliquer <strong>Greg Mathieu<\/strong>, chef de la direction et secr\u00e9taire g\u00e9n\u00e9ral de Cyclisme Canada.<\/p>\n<p>T\u00e9moignage d&#8217;athl\u00e8tes :<\/p>\n<p><strong>Catharine Pendrel, championne du monde 2011, et championne de la Coupe du monde de l&#8217;UCI en 2010 &amp; 2012 <\/strong>:<\/p>\n<p>\u00abLe programme de v\u00e9lo de montagne de Cyclisme Canada, sous la direction de l&#8217;entra\u00eeneur Dan Proulx, est devenu un mod\u00e8le que les autres pays nous envient en mati\u00e8re de haute performance.\u00a0 Sur le plan international, nous sommes consid\u00e9r\u00e9s comme une \u00e9quipe soud\u00e9e ayant un plan de d\u00e9veloppement \u00e0 long terme qui permet \u00e0 nos champions d&#8217;aujourd&#8217;hui de jouer le r\u00f4le de mentors pour nos futurs coureurs, tout en profitant du soutien de calibre professionnel que nous offre Cyclisme Canada.\u00bb<\/p>\n<p><strong>Clara Hughes, 6 fois olympienne et 5 fois m\u00e9daill\u00e9e olympique :<\/strong><\/p>\n<p>\u00abM\u00eame si ma carri\u00e8re olympique \u00e0 titre d&#8217;athl\u00e8te s&#8217;est arr\u00eat\u00e9e \u00e0 Londres, je ne peux pas exprimer avec suffisamment d&#8217;emphase \u00e0 quel point cela a \u00e9t\u00e9 formidable pour moi de pouvoir vivre mes r\u00eaves en cyclisme une derni\u00e8re fois.\u00a0 Pour moi, le plus important a \u00e9t\u00e9 l&#8217;environnement dans lequel j&#8217;ai \u00e9volu\u00e9, j&#8217;ai travaill\u00e9 et je me suis entra\u00een\u00e9e, et ce que j&#8217;ai pu y apporter tous les jours.\u00a0 En ce moment, Cyclisme Canada est un organisme fantastique au sein duquel on peut cro\u00eetre et se d\u00e9velopper.\u00a0 Le contexte sportif s&#8217;est \u00e9norm\u00e9ment am\u00e9lior\u00e9 depuis quatre ans.\u00a0 J&#8217;ai h\u00e2te de voir de nouveaux athl\u00e8tes r\u00e9aliser leur plein potentiel gr\u00e2ce \u00e0 tout ce que le syst\u00e8me a \u00e0 leur offrir dans l&#8217;avenir.\u00bb<\/p>\n<p><strong>Monique Sullivan, olympienne en 2012, et championne panam\u00e9ricaine (de sprint et de keirin) en 2012 :<\/strong><\/p>\n<p>\u00abL&#8217;\u00e9quipe canadienne de cyclisme a fait un grand bond en avant au cours des derni\u00e8res ann\u00e9es.\u00a0 Gr\u00e2ce au soutien d&#8217;une fantastique \u00e9quipe d&#8217;entra\u00eeneurs et de nombreux excellents services novateurs de l&#8217;\u00c9IS, tous les membres de l&#8217;\u00e9quipe sont maintenant fermement convaincus qu&#8217;ils peuvent remporter des m\u00e9dailles olympiques.\u00a0 \u00c0 Londres, les filles de notre \u00e9quipe de poursuite nous ont montr\u00e9 la voie, et maintenant toute l&#8217;\u00e9quipe travaille d&#8217;arrache-pied pour rapporter davantage de m\u00e9dailles de Rio!\u00bb<\/p>\n<p><strong>Robbi Weldon, champion paralympique en 2012, et champion du monde en 2011 et 2012 :<\/strong><\/p>\n<p>\u00abEntre le moment o\u00f9 j&#8217;ai pass\u00e9 mon premier coup de t\u00e9l\u00e9phone \u00e0 Cyclisme Canada en 2010, et aujourd&#8217;hui, o\u00f9 je suis rentr\u00e9 chez moi heureux avec une m\u00e9daille paralympique au cou, au cours des deux derni\u00e8res ann\u00e9es, \u00e0 titre de membre d&#8217;un tandem au sein de l&#8217;\u00e9quipe canadienne de paracyclisme, je n&#8217;ai ressenti qu&#8217;une passion extr\u00eame pour le cyclisme de la part de tous les employ\u00e9s du bureau national, des entra\u00eeneurs au personnel de l&#8217;\u00c9IS.\u00bb<\/p>\n<p>Cyclisme Canada organise un \u00e9v\u00e9nement public vendredi, pour f\u00eater les athl\u00e8tes, entra\u00eeneurs et membres de la collectivit\u00e9 du cyclisme qui ont jou\u00e9 un r\u00f4le essentiel dans les r\u00e9ussites du cyclisme canadien cette saison.\u00a0 L&#8217;\u00e9v\u00e9nement commencera \u00e0 18 h au <em>Arcadian Loft<\/em> de Toronto, et il r\u00e9unira la plupart des membres des \u00e9quipes olympique et paralympique de 2012, et notamment Clara Hughes, Catharine Pendrel, Tara Whitten, Gillian Carleton et Jasmin Glaesser.<\/p>\n<p>Les billets pour la <em>\u00abC\u00e9l\u00e9bration du cyclisme, de Beijing \u00e0 Londres\u00bb, <\/em>au <em>Arcadian Loft<\/em> sont vendus au prix unitaire de 50 $, et on peut se les procurer en cliquant sur le lien ci-dessous.\u00a0 Les enfants de moins de 12 ans sont les bienvenus gratuitement jusqu&#8217;\u00e0 19 h. Les participants appr\u00e9cieront une ambiance chaleureuse, b\u00e9n\u00e9ficieront d&#8217;un tirage pour gagner un v\u00e9lo de route haut de gamme, et pourront participer \u00e0 un encan silencieux offrant des articles uniques, acheter des produits au kiosque, obtenir des autographes d&#8217;athl\u00e8tes ou prendre des photos avec eux, pour ne nommer que quelques avantages de cette soir\u00e9e. <a href=\"http:\/\/www.issmembership.com\/oca\/events\/2012-10-26_Celebration_of_Excellence_October_26\/register.asp?volunteer=0\">http:\/\/www.issmembership.com\/oca\/events\/2012-10-26_Celebration_of_Excellence_October_26\/register.asp?volunteer=0<\/a>\u00a0<\/p>\n","protected":false},"featured_media":0,"template":"","meta":{"_acf_changed":false,"advanced_seo_description":"","jetpack_seo_html_title":"","jetpack_seo_noindex":false},"sport":[82],"class_list":["post-6550","news","type-news","status-publish","hentry","sport-bmx-fr"],"acf":[],"jetpack_sharing_enabled":true,"_links":{"self":[{"href":"https:\/\/cyclingcanada.ca\/fr\/wp-json\/wp\/v2\/news\/6550","targetHints":{"allow":["GET"]}}],"collection":[{"href":"https:\/\/cyclingcanada.ca\/fr\/wp-json\/wp\/v2\/news"}],"about":[{"href":"https:\/\/cyclingcanada.ca\/fr\/wp-json\/wp\/v2\/types\/news"}],"wp:attachment":[{"href":"https:\/\/cyclingcanada.ca\/fr\/wp-json\/wp\/v2\/media?parent=6550"}],"wp:term":[{"taxonomy":"sport","embeddable":true,"href":"https:\/\/cyclingcanada.ca\/fr\/wp-json\/wp\/v2\/sport?post=6550"}],"curies":[{"name":"wp","href":"https:\/\/api.w.org\/{rel}","templated":true}]}}