{"id":66323,"date":"2024-08-13T09:26:27","date_gmt":"2024-08-13T13:26:27","guid":{"rendered":"https:\/\/cyclingcanada.ca\/?post_type=news&#038;p=66323"},"modified":"2024-08-13T09:26:27","modified_gmt":"2024-08-13T13:26:27","slug":"derniere-journee-de-competition-pour-les-cyclistes-canadiens-a-paris-2024","status":"publish","type":"news","link":"https:\/\/cyclingcanada.ca\/fr\/news\/derniere-journee-de-competition-pour-les-cyclistes-canadiens-a-paris-2024\/","title":{"rendered":"DERNI\u00c8RE JOURN\u00c9E DE COMP\u00c9TITION POUR LES\u00a0 \u00a0CYCLISTES CANADIENS \u00c0 PARIS 2024 \u00a0"},"content":{"rendered":"<p><b><span data-contrast=\"auto\">St-Quentin-en-Yvelines (11 ao\u00fbt 2024) <\/span><\/b><span data-contrast=\"auto\">&#8211; Les cycliste canadiens ont conclu leur aventure Olympique en cette derni\u00e8re journ\u00e9e de comp\u00e9tition au v\u00e9lodrome national de St-Quentin-en-Yvelines.<\/span><span data-ccp-props=\"{&quot;201341983&quot;:0,&quot;335551550&quot;:1,&quot;335551620&quot;:1,&quot;335559739&quot;:160,&quot;335559740&quot;:279}\">\u00a0<\/span><\/p>\n<p><span data-contrast=\"auto\">\u00c0 l\u2019\u00e9preuve cumulative de l\u2019omnium f\u00e9minin, Maggie Coles-Lyster, de Maple-Ridge en Colombie-Britannique a tenu le public en haleine, terminant deuxi\u00e8me de la course scratch, r\u00e9colant 38 points. \u00c0 la course tempo, elle a termin\u00e9 dixi\u00e8me, r\u00e9coltant 22 points. La course \u00e0 l\u2019\u00e9limination, o\u00f9 elle a r\u00e9colt\u00e9 36 points lui a permis de se hisser en troisi\u00e8me position \u00e0 l\u2019approche de l\u2019ultime course de cette \u00e9preuve, la course aux points. En posture de m\u00e9daille, elle n\u2019a pas \u00e9t\u00e9 en mesure de se r\u00e9colter plus de points, r\u00e9coltant un total de 101 points pour terminer au 9e rang. <\/span><span data-ccp-props=\"{&quot;201341983&quot;:0,&quot;335551550&quot;:1,&quot;335551620&quot;:1,&quot;335559739&quot;:160,&quot;335559740&quot;:279}\">\u00a0<\/span><\/p>\n<p><span data-contrast=\"auto\">&#8220;Cette course aux points est vraiment chaotique et il y a beaucoup de filles ici qui sont tr\u00e8s fortes pour prendre des tours&#8221;, a d\u00e9clar\u00e9 Coles-Lyster. &#8220;C&#8217;est doux-amer ; j&#8217;\u00e9tais heureuse apr\u00e8s les trois premi\u00e8res courses et j&#8217;\u00e9tais fi\u00e8re de la fa\u00e7on dont j&#8217;avais couru. J&#8217;esp\u00e9rais plus, c&#8217;est s\u00fbr&#8221;.\u00a0 <\/span><span data-ccp-props=\"{&quot;201341983&quot;:0,&quot;335551550&quot;:1,&quot;335551620&quot;:1,&quot;335559739&quot;:160,&quot;335559740&quot;:279}\">\u00a0<\/span><\/p>\n<p><span data-contrast=\"auto\">L\u2019am\u00e9ricaine Jennifer Valente a remport\u00e9 les honneurs, accompagn\u00e9e sur le podium de la polonaise Daria Pikulik en argent et de la n\u00e9o-z\u00e9landaise Ally Wollaston. <\/span><span data-ccp-props=\"{&quot;201341983&quot;:0,&quot;335551550&quot;:1,&quot;335551620&quot;:1,&quot;335559739&quot;:160,&quot;335559740&quot;:279}\">\u00a0<\/span><\/p>\n<p><span data-contrast=\"auto\">Au keirin masculin, les ontariens Nick Wammes de Bothwell et James Hedgecock de Ancaster, qui avaient \u00e9t\u00e9 en mesure d\u2019acc\u00e9der aux quarts de finales ont tous termin\u00e9 au sixi\u00e8me rang de leurs vagues respectives, ne leur permettant pas d\u2019avancer plus loin dans les rondes. Le n\u00e9erlandais Harrie Lavreysen a remport\u00e9 son troisi\u00e8me titre Olympique, accompagn\u00e9 sur le podium des australiens Matthew Richardson et Matthew Glaetzer en argent et en bronze. <\/span><span data-ccp-props=\"{&quot;201341983&quot;:0,&quot;335551550&quot;:1,&quot;335551620&quot;:1,&quot;335559739&quot;:160,&quot;335559740&quot;:279}\">\u00a0<\/span><\/p>\n<p><span data-contrast=\"auto\">&#8220;J&#8217;\u00e9tais vraiment coinc\u00e9 \u00e0 l&#8217;arri\u00e8re, toute la course s&#8217;est d\u00e9roul\u00e9e comme dans un mur&#8221;, a d\u00e9clar\u00e9 Hedgecock. &#8220;Je suis d\u00e9\u00e7ue de ne pas avoir r\u00e9ussi \u00e0 passer, mais je me sentais bien dans mes jambes et j&#8217;ai continu\u00e9. Les Jeux olympiques sont mon r\u00eave et j&#8217;esp\u00e8re que dans quatre ans, je pourrai d\u00e9crocher une m\u00e9daille. C&#8217;est mes premiers Jeux, je suis l&#8217;un des plus jeunes, alors d&#8217;une certaine mani\u00e8re, je peux me r\u00e9jouir de LA2028&#8221;.\u00a0 <\/span><span data-ccp-props=\"{&quot;201341983&quot;:0,&quot;335551550&quot;:1,&quot;335551620&quot;:1,&quot;335559739&quot;:160,&quot;335559740&quot;:279}\">\u00a0<\/span><\/p>\n<p><span data-contrast=\"auto\">Aux vagues de classement du sprint individuel, l\u2019albertaine Kelsey Mitchell de Sherwood Park qui avait \u00e9t\u00e9 \u00e9limin\u00e9e par l\u2019allemande Lea Friederich en quarts de finale a termin\u00e9 au huiti\u00e8me rang. Friedrich a remport\u00e9 la m\u00e9daill\u00e9e d\u2019argent derri\u00e8re la n\u00e9o-z\u00e9landaise Ellesse Andrews, alors que la britannique Emma Finucane a remport\u00e9 le bronze. <\/span><span data-ccp-props=\"{&quot;201341983&quot;:0,&quot;335551550&quot;:1,&quot;335551620&quot;:1,&quot;335559739&quot;:160,&quot;335559740&quot;:279}\">\u00a0<\/span><\/p>\n<p><span data-contrast=\"auto\">De plus amples informations, y compris les r\u00e9sultats et le calendrier complet des \u00e9preuves, sont disponibles sur olympics.com Ceci conclut les performances du Canada aux Jeux olympiques de Paris 2024, o\u00f9 les cyclistes se produisent depuis le 27 juillet.<\/span><span data-ccp-props=\"{&quot;201341983&quot;:0,&quot;335551550&quot;:1,&quot;335551620&quot;:1,&quot;335559739&quot;:160,&quot;335559740&quot;:279}\">\u00a0<\/span><\/p>\n","protected":false},"featured_media":66321,"template":"","meta":{"_acf_changed":false,"advanced_seo_description":"","jetpack_seo_html_title":"","jetpack_seo_noindex":false},"sport":[69],"class_list":["post-66323","news","type-news","status-publish","has-post-thumbnail","hentry","sport-piste"],"acf":[],"jetpack_sharing_enabled":true,"_links":{"self":[{"href":"https:\/\/cyclingcanada.ca\/fr\/wp-json\/wp\/v2\/news\/66323","targetHints":{"allow":["GET"]}}],"collection":[{"href":"https:\/\/cyclingcanada.ca\/fr\/wp-json\/wp\/v2\/news"}],"about":[{"href":"https:\/\/cyclingcanada.ca\/fr\/wp-json\/wp\/v2\/types\/news"}],"wp:featuredmedia":[{"embeddable":true,"href":"https:\/\/cyclingcanada.ca\/fr\/wp-json\/wp\/v2\/media\/66321"}],"wp:attachment":[{"href":"https:\/\/cyclingcanada.ca\/fr\/wp-json\/wp\/v2\/media?parent=66323"}],"wp:term":[{"taxonomy":"sport","embeddable":true,"href":"https:\/\/cyclingcanada.ca\/fr\/wp-json\/wp\/v2\/sport?post=66323"}],"curies":[{"name":"wp","href":"https:\/\/api.w.org\/{rel}","templated":true}]}}