{"id":6854,"date":"2012-11-02T10:46:14","date_gmt":"2012-11-02T14:44:52","guid":{"rendered":"https:\/\/cyclingcanada.ca\/?post_type=news&amp;p=6854"},"modified":"2012-11-02T10:46:14","modified_gmt":"2012-11-02T14:44:52","slug":"ken-cools-se-joint-a-cyclisme-canada-en-tant-quentraineur-en-chef-de-bmx","status":"publish","type":"news","link":"https:\/\/cyclingcanada.ca\/fr\/news\/ken-cools-se-joint-a-cyclisme-canada-en-tant-quentraineur-en-chef-de-bmx\/","title":{"rendered":"KEN COOLS SE JOINT \u00c0 CYCLISME CANADA EN TANT QU\u2019ENTRA\u00ceNEUR EN CHEF DE BMX"},"content":{"rendered":"<p><em>Cools travaillera \u00e9troitement avec Adam Muys, qui se concentrera sur les programmes de d\u00e9veloppement<\/em><\/p>\n<p>(Ottawa, ON \u2013 le 2 Novembre\u00a02012) Cyclisme Canada est heureuse d&#8217;annoncer la nomination de Ken Cools en tant qu\u2019entra\u00eeneur en chef de l&#8217;\u00e9quipe canadienne de BMX.\u00a0 L&#8217;\u00e9quipe canadienne b\u00e9n\u00e9ficiera ainsi d&#8217;un des entra\u00eeneurs les plus talentueux sur la sc\u00e8ne internationale.<\/p>\n<p>Cools, qui a \u00e9t\u00e9 entra\u00eeneur de l&#8217;\u00e9quipe de BMX de la Nouvelle-Z\u00e9lande pendant les cinq derni\u00e8res ann\u00e9es, a men\u00e9 une de ses athl\u00e8tes \u00e0 une m\u00e9daille d&#8217;argent aux Jeux olympiques de Londres 2012 \u00e0 la course f\u00e9minine, et a encadr\u00e9 des athl\u00e8tes n\u00e9o-z\u00e9landais lors de la conqu\u00eate de cinq titres mondiaux de l&#8217;UCI depuis 2008.<\/p>\n<p>En tant qu\u2019entra\u00eeneur en chef de BMX, Cools sera responsable de l&#8217;\u00e9laboration d&#8217;un plan global pour le programme canadien de BMX, y compris l&#8217;identification des cohortes 2016 et 2020 des coureurs qui seront d\u00e9velopp\u00e9s et l&#8217;\u00e9laboration d&#8217;une strat\u00e9gie de formation des entra\u00eeneurs. \u00a0Il supervisera la participation du Canada aux championnats du monde junior et \u00e9lite et aux grands \u00e9v\u00e9nements internationaux, dont les \u00e9preuves de la Coupe du monde, incluant celle qui sera organis\u00e9e \u00e0 Abbotsford en 2013.<\/p>\n<p>\u00abKen Cools nous apporte une riche expertise en BMX, car il a d\u00e9j\u00e0 travaill\u00e9 avec des athl\u00e8tes d&#8217;\u00e9lite au plus haut niveau international. \u00a0Nous croyons fermement que, en collaboration avec le travail de d\u00e9veloppement remarquable accompli par Adam Muys \u00e0 l&#8217;\u00e9chelle nationale, le Canada va grandir et devenir une nation dominante en BMX, alors que nous nous pr\u00e9parons pour Rio en 2016\u00bb a d\u00e9clar\u00e9 Jacques Landry, directeur de la haute performance de Cyclisme Canada. \u00a0\u00abNous accueillons chaleureusement Ken au sein de la communaut\u00e9 cycliste canadienne, car il nous aidera \u00e0 devenir une nation cycliste de premier plan \u00e0 l&#8217;horizon 2020 et au-del\u00e0.\u00bb<\/p>\n<p>\u00abCette occasion cadre avec mon exp\u00e9rience actuelle \u00e0 titre d&#8217;entra\u00eeneur de haute performance et d&#8217;entra\u00eeneur de d\u00e9veloppement en BMX. Depuis le d\u00e9but de ma carri\u00e8re d&#8217;entra\u00eeneur international en 2001, j&#8217;ai en effet encadr\u00e9 et d\u00e9velopp\u00e9 des champions du monde et olympiques, dont cinq champions du monde \u00e9lite de l&#8217;UCI et une m\u00e9daill\u00e9e olympique\u00bb a pr\u00e9cis\u00e9 Ken Cools, qui d\u00e9butera ses fonctions d\u2019entra\u00eeneur en chef le 12 novembre 2012.\u00a0 Cools poursuit : \u00abCette opportunit\u00e9 est attrayante pour moi, car elle me permettra de d\u00e9velopper une culture de haute performance et d&#8217;\u00e9quipe. \u00a0Je souhaite continuer \u00e0 intensifier et \u00e0 ch\u00e9rir la vision canadienne pour les athl\u00e8tes existants et futurs, dont certains que j&#8217;ai eu la chance et le plaisir d&#8217;entra\u00eener auparavant.\u00bb<\/p>\n<p>Cools travaillera avec les membres actuels de l&#8217;\u00e9quipe canadienne de BMX, dont l\u2019olympien de 2012 Tory Nyhaug, ainsi qu&#8217;avec les futures \u00e9toiles du BMX canadien.<\/p>\n<p>Ce poste nouvellement cr\u00e9\u00e9 est financ\u00e9 par le programme <em>\u00c0 nous le podium <\/em>pour la p\u00e9riode quadriennale menant \u00e0 Rio 2016 et, sous r\u00e9serve des r\u00e9sultats obtenus, il sera prolong\u00e9 au-del\u00e0 de ces Jeux. \u00a0Le r\u00f4le d\u2019entra\u00eeneur de BMX lors des Jeux olympiques de Londres 2012 a \u00e9t\u00e9 assum\u00e9 par Adam Muys gr\u00e2ce \u00e0 l&#8217;appui et la collaboration de Cycling BC, base depuis laquelle il a dirig\u00e9 son programme de BMX. \u00a0Adam a d\u00e9termin\u00e9 que son expertise est davantage de travailler avec les coureurs de d\u00e9veloppement et de s&#8217;occuper de ses responsabilit\u00e9s en Colombie-Britannique. Aux c\u00f4t\u00e9s d&#8217;autres entra\u00eeneurs provinciaux de BMX, il travaillera en \u00e9troite collaboration avec Ken Cools pour am\u00e9liorer le syst\u00e8me de BMX au Canada avec l\u2019objectif de former de nouveaux champions.<\/p>\n","protected":false},"featured_media":0,"template":"","meta":{"_acf_changed":false,"advanced_seo_description":"","jetpack_seo_html_title":"","jetpack_seo_noindex":false},"sport":[82],"class_list":["post-6854","news","type-news","status-publish","hentry","sport-bmx-fr"],"acf":[],"jetpack_sharing_enabled":true,"_links":{"self":[{"href":"https:\/\/cyclingcanada.ca\/fr\/wp-json\/wp\/v2\/news\/6854","targetHints":{"allow":["GET"]}}],"collection":[{"href":"https:\/\/cyclingcanada.ca\/fr\/wp-json\/wp\/v2\/news"}],"about":[{"href":"https:\/\/cyclingcanada.ca\/fr\/wp-json\/wp\/v2\/types\/news"}],"wp:attachment":[{"href":"https:\/\/cyclingcanada.ca\/fr\/wp-json\/wp\/v2\/media?parent=6854"}],"wp:term":[{"taxonomy":"sport","embeddable":true,"href":"https:\/\/cyclingcanada.ca\/fr\/wp-json\/wp\/v2\/sport?post=6854"}],"curies":[{"name":"wp","href":"https:\/\/api.w.org\/{rel}","templated":true}]}}